{"id":22096,"date":"2023-06-15T10:44:51","date_gmt":"2023-06-15T13:44:51","guid":{"rendered":"https:\/\/www.fazenda.niteroi.rj.gov.br\/site\/?p=22096"},"modified":"2023-06-15T10:45:18","modified_gmt":"2023-06-15T13:45:18","slug":"novos-membros-do-conselho-de-contribuintes-tomam-posse-na-secretaria-de-fazenda-de-niteroi-2","status":"publish","type":"post","link":"https:\/\/www.fazenda.niteroi.rj.gov.br\/site\/novos-membros-do-conselho-de-contribuintes-tomam-posse-na-secretaria-de-fazenda-de-niteroi-2\/","title":{"rendered":"Novos membros do Conselho de Contribuintes tomam posse na Secretaria de Fazenda de Niter\u00f3i"},"content":{"rendered":"\n<p><em>\u00d3rg\u00e3o julgou cerca de 405 <\/em><em>processos administrativos no \u00faltimo bi\u00eanio.<\/em><\/p>\n\n\n\n<p>Os novos membros do Conselho de Contribuintes de Niter\u00f3i tomaram posse na Secretaria Municipal de Fazenda, nesta quarta-feira (14). Participaram da solenidade a secret\u00e1ria de Fazenda, Marilia Ortiz, o subsecret\u00e1rio de Receita, Juan Rodrigues, os membros do Conselho, os respectivos suplentes e o presidente da OAB Niter\u00f3i, Pedro Gomes.<\/p>\n\n\n\n<p>Nomeados para o bi\u00eanio 2023-2025, os nove integrantes e seus suplentes, que representam a Prefeitura e a sociedade, s\u00e3o os respons\u00e1veis por decidir sobre os recursos dos contribuintes que questionam as cobran\u00e7as de tributos. No mandato anterior (bi\u00eanio 2021-2023) foram julgados 405 processos administrativos.<\/p>\n\n\n\n<p>&#8220;O Conselho de Contribuintes \u00e9 a \u00fanica inst\u00e2ncia administrativa em que voc\u00ea pode ter a participa\u00e7\u00e3o da sociedade na melhor aplica\u00e7\u00e3o da lei. E esse colegiado toma as decis\u00f5es de forma independente por meio do di\u00e1logo entre a administra\u00e7\u00e3o p\u00fablica e o contribuinte. Um \u00f3rg\u00e3o fundamental na Fazenda que tem como compromisso analisar os processos de forma c\u00e9lere e com total transpar\u00eancia dos atos&#8221;, destaca a secret\u00e1ria de Fazenda de Niter\u00f3i, Mar\u00edlia Ortiz.<\/p>\n\n\n\n<p>Para o pr\u00f3ximo bi\u00eanio, o Conselho ser\u00e1 presidido pelo Auditor Fiscal, Carlos Mauro Naylor. O servidor de carreira atua h\u00e1 25 anos na Secretaria Municipal de Fazenda e foi reeleito para o cargo de presidente do Conselho.<\/p>\n\n\n\n<p>&#8220;O sucesso do Conselho de Contribuintes se deve pela colabora\u00e7\u00e3o m\u00fatua de todos os conselheiros, tudo isso conspira a favor do trabalho c\u00e9lere e de uma boa discuss\u00e3o com o intuito de chegar a uma decis\u00e3o justa. E o meu papel de presidente do Conselho \u00e9 promover esse debate saud\u00e1vel&#8221;, explica Carlos Mauro.<\/p>\n\n\n\n<p><strong>Sele\u00e7\u00e3o a cada dois anos:<\/strong> O Conselho de Contribuintes \u00e9 um \u00f3rg\u00e3o criado pela Lei n\u00ba 2.228\/05, com a atribui\u00e7\u00e3o de julgar em segunda inst\u00e2ncia os recursos de decis\u00f5es referentes a processos administrativos tribut\u00e1rios. A cada dois anos, os conselheiros s\u00e3o escolhidos para o mandato do mesmo per\u00edodo, cinco representam a Prefeitura, e quatro, os contribuintes. Para compor o grupo, a Procuradoria Geral do Munic\u00edpio tem um assento.&nbsp;<\/p>\n\n\n\n<p><strong>Composi\u00e7\u00e3o do Conselho:<\/strong><\/p>\n\n\n\n<p>Representantes dos Contribuintes:<\/p>\n\n\n\n<figure class=\"wp-block-table\"><table><tbody><tr><td>Titular<\/td><td>Entidade Representativa<\/td><td>Suplente<\/td><td>Entidade Representativa<\/td><\/tr><tr><td>Ermano Torres Santiago<\/td><td>CDL<\/td><td>Felipe Valle de Albuquerque Magalh\u00e3es<\/td><td>SINDHLESTE<\/td><\/tr><tr><td>Paulino Gon\u00e7alves Moreira Leite Filho<\/td><td>ACIERJ<\/td><td>Ana Carolina Fonseca Bessa<\/td><td>OAB<\/td><\/tr><tr><td>Roberto Pedreira Ferreira Curi<\/td><td>FIRJAN<\/td><td>Mariana de Oliveira N\u00f3brega<\/td><td>SINEPE<\/td><\/tr><tr><td>Luiz Cl\u00e1udio Oliveira Moreira<\/td><td>ADEMI NITER\u00d3I<\/td><td>Patr\u00edcia Porto Rebel Guimar\u00e3es<\/td><td>CRC-RJ<\/td><\/tr><\/tbody><\/table><\/figure>\n\n\n\n<p>Representantes da Prefeitura:<\/p>\n\n\n\n<figure class=\"wp-block-table\"><table><tbody><tr><td>Nome<\/td><td>Cargo<\/td><td>Nome<\/td><td>Cargo<\/td><\/tr><tr><td>Carlos Mauro Naylor<\/td><td>Presidente<\/td><td>Fabio Dorigo<\/td><td>Suplente<\/td><\/tr><tr><td>Luiz Felipe Carreira Marques<\/td><td>Vice-Presidente<\/td><td>Isabela Perez Caldas Schettini<\/td><td>Suplente<\/td><\/tr><tr><td>Rodrigo Fulgoni Branco<\/td><td>Conselheiro<\/td><td>Marcio Contente Arese<\/td><td>Suplente<\/td><\/tr><tr><td>Luiz Alberto Soares<\/td><td>Conselheiro<\/td><td>Carlos Eduardo Lima Carlos<\/td><td>Suplente<\/td><\/tr><tr><td>Eduardo Sobral Tavares<\/td><td>Conselheiro<\/td><td>&nbsp;<\/td><td>&nbsp;<\/td><\/tr><\/tbody><\/table><\/figure>\n\n\n\n<p>Representantes da Fazenda:&nbsp;<\/p>\n\n\n\n<figure class=\"wp-block-table\"><table><tbody><tr><td>Nome<\/td><td>Cargo<\/td><td>Nome<\/td><td>Cargo<\/td><\/tr><tr><td>Andr\u00e9 Luiz Cardoso<\/td><td>Representante da Fazenda<\/td><td>Maria Elisa Vidal Bernardo<\/td><td>Suplente<\/td><\/tr><tr><td>Rafael Henze Pimentel&nbsp;<\/td><td>Representante da Fazenda<\/td><td>&nbsp;<\/td><td>&nbsp;<\/td><\/tr><\/tbody><\/table><\/figure>\n","protected":false},"excerpt":{"rendered":"<p>\u00d3rg\u00e3o julgou cerca de 405 processos administrativos no \u00faltimo bi\u00eanio. Os novos membros do Conselho de Contribuintes de Niter\u00f3i tomaram posse na Secretaria Municipal de Fazenda, nesta quarta-feira (14). Participaram [&hellip;]<\/p>\n","protected":false},"author":18,"featured_media":22097,"comment_status":"closed","ping_status":"closed","sticky":false,"template":"","format":"standard","meta":{"_et_pb_use_builder":"","_et_pb_old_content":"","_et_gb_content_width":"","_usar_header_alternativo":false,"footnotes":""},"categories":[10],"tags":[],"class_list":["post-22096","post","type-post","status-publish","format-standard","has-post-thumbnail","hentry","category-noticias","et-has-post-format-content","et_post_format-et-post-format-standard"],"_links":{"self":[{"href":"https:\/\/www.fazenda.niteroi.rj.gov.br\/site\/wp-json\/wp\/v2\/posts\/22096","targetHints":{"allow":["GET"]}}],"collection":[{"href":"https:\/\/www.fazenda.niteroi.rj.gov.br\/site\/wp-json\/wp\/v2\/posts"}],"about":[{"href":"https:\/\/www.fazenda.niteroi.rj.gov.br\/site\/wp-json\/wp\/v2\/types\/post"}],"author":[{"embeddable":true,"href":"https:\/\/www.fazenda.niteroi.rj.gov.br\/site\/wp-json\/wp\/v2\/users\/18"}],"replies":[{"embeddable":true,"href":"https:\/\/www.fazenda.niteroi.rj.gov.br\/site\/wp-json\/wp\/v2\/comments?post=22096"}],"version-history":[{"count":1,"href":"https:\/\/www.fazenda.niteroi.rj.gov.br\/site\/wp-json\/wp\/v2\/posts\/22096\/revisions"}],"predecessor-version":[{"id":22098,"href":"https:\/\/www.fazenda.niteroi.rj.gov.br\/site\/wp-json\/wp\/v2\/posts\/22096\/revisions\/22098"}],"wp:featuredmedia":[{"embeddable":true,"href":"https:\/\/www.fazenda.niteroi.rj.gov.br\/site\/wp-json\/wp\/v2\/media\/22097"}],"wp:attachment":[{"href":"https:\/\/www.fazenda.niteroi.rj.gov.br\/site\/wp-json\/wp\/v2\/media?parent=22096"}],"wp:term":[{"taxonomy":"category","embeddable":true,"href":"https:\/\/www.fazenda.niteroi.rj.gov.br\/site\/wp-json\/wp\/v2\/categories?post=22096"},{"taxonomy":"post_tag","embeddable":true,"href":"https:\/\/www.fazenda.niteroi.rj.gov.br\/site\/wp-json\/wp\/v2\/tags?post=22096"}],"curies":[{"name":"wp","href":"https:\/\/api.w.org\/{rel}","templated":true}]}}