{"id":22268,"date":"2023-06-22T10:49:46","date_gmt":"2023-06-22T13:49:46","guid":{"rendered":"https:\/\/www.fazenda.niteroi.rj.gov.br\/site\/?p=22268"},"modified":"2023-06-22T10:53:36","modified_gmt":"2023-06-22T13:53:36","slug":"prefeitura-de-niteroi-lanca-edital-para-fomento-indireto-que-vai-disponibilizar-r-3-milhoes-a-projetos-culturais","status":"publish","type":"post","link":"https:\/\/www.fazenda.niteroi.rj.gov.br\/site\/prefeitura-de-niteroi-lanca-edital-para-fomento-indireto-que-vai-disponibilizar-r-3-milhoes-a-projetos-culturais\/","title":{"rendered":"Prefeitura de Niter\u00f3i lan\u00e7a edital para fomento indireto que vai disponibilizar R$ 3 milh\u00f5es a projetos culturais"},"content":{"rendered":"\n<p><em>Contribuintes poder\u00e3o deduzir parte do IPTU e do ISS para financiar iniciativas com or\u00e7amentos que v\u00e3o de R$ 20 mil a R$ 500 mil<\/em><\/p>\n\n\n\n<p>A Secretaria Municipal das Culturas (SMC), por meio da Funda\u00e7\u00e3o de Arte de Niter\u00f3i (FAN), lan\u00e7ou nesta quarta-feira (21) o edital para fomento indireto, atrav\u00e9s de incentivo fiscal, que vai disponibilizar R$ 3 milh\u00f5es a projetos culturais na cidade. Os contribuintes poder\u00e3o deduzir parte do IPTU e do ISS para financiar iniciativas com or\u00e7amentos que v\u00e3o de R$ 20 mil at\u00e9 R$ 500 mil. O principal objetivo da proposta \u00e9 reconhecer, fomentar e valorizar a diversidade, pluralidade e a singularidade das produ\u00e7\u00f5es art\u00edsticas em Niter\u00f3i.<\/p>\n\n\n\n<p>Acompanharam o prefeito Axel Grael no lan\u00e7amento do edital, que aconteceu na Sala Carlos Couto, a secret\u00e1ria municipal de Fazenda, Mar\u00edlia Ortiz; a secret\u00e1ria municipal das Culturas, Julia Pacheco; o presidente da Funda\u00e7\u00e3o de Arte de Niter\u00f3i (FAN), Fernando Brand\u00e3o; e o superintendente do Sistema Municipal de Financiamento \u00e0 Cultura (SIMFIC), Matheus Lima. O prefeito Axel Grael comemorou a possibilidade de financiamento para produtores culturais e ressaltou a import\u00e2ncia do fomento para impulsionar o setor cada vez mais.&nbsp;<\/p>\n\n\n\n<p>&#8220;Sinto muito orgulho por esse trabalho que est\u00e1 sendo feito na Cultura de Niter\u00f3i. A cadeia produtiva da Cultura \u00e9 muito potente e a gente tem isso como prioridade desde que est\u00e1vamos pensando na retomada da economia da cidade no momento p\u00f3s-pandemia, que foi um dos mais desafiadores dessa gest\u00e3o. Cada real que investimos na Cultura reverte em resultados na economia. Apostamos nessa estrat\u00e9gia dos editais desde a gest\u00e3o do ex-prefeito Rodrigo Neves como uma forma democr\u00e1tica e transparente de fazer com que o dinheiro chegue na ponta e ajude os projetos que t\u00eam mais potencial de resultado. Niter\u00f3i investe em Cultura muito mais do que v\u00e1rias capitais do pa\u00eds e de cidades muito mais populosas\u201d, destacou Axel Grael.&nbsp;<\/p>\n\n\n\n<p>Poder\u00e3o captar recursos projetos ligados \u00e0s mais diversas express\u00f5es art\u00edsticas, projetos na \u00e1rea de artes c\u00eanicas (teatro, dan\u00e7a, \u00f3pera e circo), capoeira, m\u00fasica, folclore, literatura, livros, poesia, humanidades, moda, artesanato, audiovisual, arte digital, artes visuais, arte urbana, arte popular, artes gr\u00e1ficas e artes integradas.<\/p>\n\n\n\n<p>Parte do fomento ser\u00e1 destinada a projetos ligados ao patrim\u00f4nio e \u00e0 mem\u00f3ria para financiar a\u00e7\u00f5es na \u00e1rea de preserva\u00e7\u00e3o e restaura\u00e7\u00e3o de equipamentos com valor hist\u00f3rico e cultural, material e imaterial. Atividades de concep\u00e7\u00e3o, conserva\u00e7\u00e3o e manuten\u00e7\u00e3o de museus, arquivos, bibliotecas, centros culturais, casas de cultura e outros espa\u00e7os tamb\u00e9m receber\u00e3o financiamento.<\/p>\n\n\n\n<p>&#8220;A Cultura tem um potencial simb\u00f3lico em v\u00e1rias \u00e1reas. Uma cidade que n\u00e3o respira isso como um pilar importante \u00e9 uma cidade ac\u00e9fala. Uma coisa \u00e9 falar, outra coisa \u00e9 o gesto com a Cultura dentro do or\u00e7amento. T\u00ednhamos R$ 28 milh\u00f5es em 2019 e hoje chegamos a quase R$ 60 milh\u00f5es, incluindo editais de fomentos. Somos uma das dez cidades que mais investem em Cultura no Brasil. Podemos olhar para o fomento como uma forma de profissionalizar, aprimorar e democratizar, ajudando ainda junto com a capta\u00e7\u00e3o do setor privado. Vamos insistir mais com esse setor\u201d, afirmou Mar\u00edlia Ortiz, secret\u00e1ria municipal de Fazenda.&nbsp;&nbsp;<\/p>\n\n\n\n<p>Em um dos eixos do edital, est\u00e1 previsto o financiamento para projetos ligados \u00e0 pesquisa e ao pensamento, como levantamentos, estudos e mapeamentos nas \u00e1reas art\u00edstica e cultural. A realiza\u00e7\u00e3o de cursos de car\u00e1ter cultural ou art\u00edstico destinado \u00e0 forma\u00e7\u00e3o, especializa\u00e7\u00e3o e aperfei\u00e7oamento de profissionais tamb\u00e9m receber\u00e3o parte do aporte. Julia Pacheco, secret\u00e1ria Municipal das Culturas, ressalta que o edital foi elaborado com o objetivo de promover maior diversidade nas propostas.<\/p>\n\n\n\n<p>&#8220;Este ano, \u00e0 medida em que as propostas forem chegando, j\u00e1 vamos liberando os nomes dos aprovados. A partir desta quinta-feira (22), o edital j\u00e1 estar\u00e1 dispon\u00edvel para inscri\u00e7\u00e3o. A cada edital novo, contabilizamos cerca de 40 novos profissionais que nunca tinham se inscrito em outros editais. E isso s\u00f3 vai aumentando. \u00c9 importante lan\u00e7armos os editais neste per\u00edodo para que as pessoas possam se programar. A Cultura em Niter\u00f3i \u00e9 um vetor da economia social e \u00e9 muito importante termos todo esse apoio para cada vez mais podermos apoiar novos projetos&#8221;, disse Julia Pacheco.<\/p>\n\n\n\n<p>O superintendente do Sistema Municipal de Financiamento \u00e0 Cultura (SIMFIC), Matheus Lima, enfatizou que o fomento viabilizar\u00e1 projetos em toda a cidade.&nbsp;\u201cA presen\u00e7a de empres\u00e1rios nesse lan\u00e7amento \u00e9 uma prova de que Niter\u00f3i est\u00e1 evoluindo em Cultura. Como artista da cidade, vejo que esses editais s\u00e3o fundamentais para o crescimento do setor, com uma boa base de pol\u00edticas p\u00fablicas&#8221;, disse Matheus Lima.<\/p>\n\n\n\n<p><strong>\u201cFoment\u00e3o 2023\u201d<\/strong>&nbsp;&#8211; Neste m\u00eas de junho, a Secretaria Municipal das Culturas lan\u00e7ou dois editais que, somados, v\u00e3o injetar R$ 5,5 milh\u00f5es no setor em Niter\u00f3i. No \u00faltimo dia 14, foi lan\u00e7ado um edital de fomento direto de R$ 2,5 milh\u00f5es para apoiar projetos de montagem e realiza\u00e7\u00e3o de espet\u00e1culos, shows ou exposi\u00e7\u00f5es; circula\u00e7\u00e3o de atra\u00e7\u00f5es do tipo j\u00e1 concebidas; manuten\u00e7\u00e3o de grupos, coletivos ou companhias; produtos art\u00edsticos e culturais; al\u00e9m de resid\u00eancias art\u00edsticas e festivais. A chamada p\u00fablica \u201cFoment\u00e3o 2023\u201d \u00e9 uma das a\u00e7\u00f5es que integram o programa \u201cCultura \u00e9 um Direito\u201d. Nesta quarta-feira (21), foram anunciados mais R$ 3 milh\u00f5es pelo edital de fomento indireto, atrav\u00e9s de incentivo fiscal.<\/p>\n","protected":false},"excerpt":{"rendered":"<p>Contribuintes poder\u00e3o deduzir parte do IPTU e do ISS para financiar iniciativas com or\u00e7amentos que v\u00e3o de R$ 20 mil a R$ 500 mil A Secretaria Municipal das Culturas (SMC), [&hellip;]<\/p>\n","protected":false},"author":18,"featured_media":22270,"comment_status":"closed","ping_status":"closed","sticky":false,"template":"","format":"standard","meta":{"_et_pb_use_builder":"","_et_pb_old_content":"","_et_gb_content_width":"","_usar_header_alternativo":false,"footnotes":""},"categories":[10],"tags":[],"class_list":["post-22268","post","type-post","status-publish","format-standard","has-post-thumbnail","hentry","category-noticias","et-has-post-format-content","et_post_format-et-post-format-standard"],"_links":{"self":[{"href":"https:\/\/www.fazenda.niteroi.rj.gov.br\/site\/wp-json\/wp\/v2\/posts\/22268","targetHints":{"allow":["GET"]}}],"collection":[{"href":"https:\/\/www.fazenda.niteroi.rj.gov.br\/site\/wp-json\/wp\/v2\/posts"}],"about":[{"href":"https:\/\/www.fazenda.niteroi.rj.gov.br\/site\/wp-json\/wp\/v2\/types\/post"}],"author":[{"embeddable":true,"href":"https:\/\/www.fazenda.niteroi.rj.gov.br\/site\/wp-json\/wp\/v2\/users\/18"}],"replies":[{"embeddable":true,"href":"https:\/\/www.fazenda.niteroi.rj.gov.br\/site\/wp-json\/wp\/v2\/comments?post=22268"}],"version-history":[{"count":2,"href":"https:\/\/www.fazenda.niteroi.rj.gov.br\/site\/wp-json\/wp\/v2\/posts\/22268\/revisions"}],"predecessor-version":[{"id":22272,"href":"https:\/\/www.fazenda.niteroi.rj.gov.br\/site\/wp-json\/wp\/v2\/posts\/22268\/revisions\/22272"}],"wp:featuredmedia":[{"embeddable":true,"href":"https:\/\/www.fazenda.niteroi.rj.gov.br\/site\/wp-json\/wp\/v2\/media\/22270"}],"wp:attachment":[{"href":"https:\/\/www.fazenda.niteroi.rj.gov.br\/site\/wp-json\/wp\/v2\/media?parent=22268"}],"wp:term":[{"taxonomy":"category","embeddable":true,"href":"https:\/\/www.fazenda.niteroi.rj.gov.br\/site\/wp-json\/wp\/v2\/categories?post=22268"},{"taxonomy":"post_tag","embeddable":true,"href":"https:\/\/www.fazenda.niteroi.rj.gov.br\/site\/wp-json\/wp\/v2\/tags?post=22268"}],"curies":[{"name":"wp","href":"https:\/\/api.w.org\/{rel}","templated":true}]}}