{"id":22322,"date":"2023-06-27T10:10:09","date_gmt":"2023-06-27T13:10:09","guid":{"rendered":"https:\/\/www.fazenda.niteroi.rj.gov.br\/site\/?p=22322"},"modified":"2023-06-27T10:10:42","modified_gmt":"2023-06-27T13:10:42","slug":"agenda-27-06-2023-terca-feira","status":"publish","type":"post","link":"https:\/\/www.fazenda.niteroi.rj.gov.br\/site\/agenda-27-06-2023-terca-feira\/","title":{"rendered":"Agenda 27\/06\/2023 Ter\u00e7a \u2013 Feira"},"content":{"rendered":"\n<p>11h<br>Reuni\u00e3o com o Subs de Finan\u00e7as Sr. Heitor Moreira, Agente Fazend\u00e1ria Sra. Thaisa, Diretor de Controle Interno Pedro Reys.<\/p>\n\n\n\n<p>14h<br>Despacho Interno com Superintendente Jur\u00eddico Dr. Guilherme Hombeeck<\/p>\n\n\n\n<p>15h<br>Reuni\u00e3o com a Comiss\u00e3o do concurso de Contador &#8211; Subs de Contabilidade Sra. Fernanda Rodrigues, Subs de Finan\u00e7as Sr. Heitor Moreira, Diretor Sr. Thiago Resende, Diretor de controle<\/p>\n\n\n\n<p>16h<br>Reuni\u00e3o com o Exmo Sr. Prefeito e Movimento Brasil Competitivo \u2013 MBC<br>Pauta: Atualiza\u00e7\u00e3o do NQQ\/Niter\u00f3i que queremos<\/p>\n","protected":false},"excerpt":{"rendered":"<p>11hReuni\u00e3o com o Subs de Finan\u00e7as Sr. Heitor Moreira, Agente Fazend\u00e1ria Sra. Thaisa, Diretor de Controle Interno Pedro Reys. 14hDespacho Interno com Superintendente Jur\u00eddico Dr. Guilherme Hombeeck 15hReuni\u00e3o com a [&hellip;]<\/p>\n","protected":false},"author":20,"featured_media":0,"comment_status":"closed","ping_status":"closed","sticky":false,"template":"","format":"standard","meta":{"_et_pb_use_builder":"","_et_pb_old_content":"","_et_gb_content_width":"","_usar_header_alternativo":false,"footnotes":""},"categories":[394],"tags":[397,452],"class_list":["post-22322","post","type-post","status-publish","format-standard","hentry","category-agenda","tag-agenda-da-secretaria","tag-transparencia","et-doesnt-have-format-content","et_post_format-et-post-format-standard"],"_links":{"self":[{"href":"https:\/\/www.fazenda.niteroi.rj.gov.br\/site\/wp-json\/wp\/v2\/posts\/22322","targetHints":{"allow":["GET"]}}],"collection":[{"href":"https:\/\/www.fazenda.niteroi.rj.gov.br\/site\/wp-json\/wp\/v2\/posts"}],"about":[{"href":"https:\/\/www.fazenda.niteroi.rj.gov.br\/site\/wp-json\/wp\/v2\/types\/post"}],"author":[{"embeddable":true,"href":"https:\/\/www.fazenda.niteroi.rj.gov.br\/site\/wp-json\/wp\/v2\/users\/20"}],"replies":[{"embeddable":true,"href":"https:\/\/www.fazenda.niteroi.rj.gov.br\/site\/wp-json\/wp\/v2\/comments?post=22322"}],"version-history":[{"count":1,"href":"https:\/\/www.fazenda.niteroi.rj.gov.br\/site\/wp-json\/wp\/v2\/posts\/22322\/revisions"}],"predecessor-version":[{"id":22323,"href":"https:\/\/www.fazenda.niteroi.rj.gov.br\/site\/wp-json\/wp\/v2\/posts\/22322\/revisions\/22323"}],"wp:attachment":[{"href":"https:\/\/www.fazenda.niteroi.rj.gov.br\/site\/wp-json\/wp\/v2\/media?parent=22322"}],"wp:term":[{"taxonomy":"category","embeddable":true,"href":"https:\/\/www.fazenda.niteroi.rj.gov.br\/site\/wp-json\/wp\/v2\/categories?post=22322"},{"taxonomy":"post_tag","embeddable":true,"href":"https:\/\/www.fazenda.niteroi.rj.gov.br\/site\/wp-json\/wp\/v2\/tags?post=22322"}],"curies":[{"name":"wp","href":"https:\/\/api.w.org\/{rel}","templated":true}]}}