{"id":22376,"date":"2023-07-05T09:07:14","date_gmt":"2023-07-05T12:07:14","guid":{"rendered":"https:\/\/www.fazenda.niteroi.rj.gov.br\/site\/?p=22376"},"modified":"2023-07-06T09:14:00","modified_gmt":"2023-07-06T12:14:00","slug":"agenda-05-07-2023-quarta-feira","status":"publish","type":"post","link":"https:\/\/www.fazenda.niteroi.rj.gov.br\/site\/agenda-05-07-2023-quarta-feira\/","title":{"rendered":"AGENDA 05.07.2023 QUARTA-FEIRA"},"content":{"rendered":"\n<p><\/p>\n\n\n\n<p><\/p>\n\n\n\n<p>10h<\/p>\n\n\n\n<p>Reuni\u00e3o com o gerente de Representa\u00e7\u00e3o e Negocia\u00e7\u00e3o Externas em Mat\u00e9ria Tribut\u00e1ria Estadual e Municipal da Petrobr\u00e1s &#8211; Sr. Renato Gomes Cezar \/ Equipe SMF: Subs. de Finan\u00e7as &#8211; Sr. Heitor Moreira e de Receitas &#8211; Sr. Juan Rodrigues; Pocurador &#8211; Dr. Guilherme Hombeeck; Auditor Fiscal &#8211; Sr. Gabriel Franco<br><\/p>\n\n\n\n<p>14h<br>Inaugura\u00e7\u00e3o da Sala de Amamenta\u00e7\u00e3o<br>Local: SMF<\/p>\n\n\n\n<p>19h<br>Agenda Externa<\/p>\n","protected":false},"excerpt":{"rendered":"<p>10h Reuni\u00e3o com o gerente de Representa\u00e7\u00e3o e Negocia\u00e7\u00e3o Externas em Mat\u00e9ria Tribut\u00e1ria Estadual e Municipal da Petrobr\u00e1s &#8211; Sr. Renato Gomes Cezar \/ Equipe SMF: Subs. de Finan\u00e7as &#8211; [&hellip;]<\/p>\n","protected":false},"author":18,"featured_media":12299,"comment_status":"closed","ping_status":"closed","sticky":false,"template":"","format":"standard","meta":{"_et_pb_use_builder":"","_et_pb_old_content":"","_et_gb_content_width":"","_usar_header_alternativo":false,"footnotes":""},"categories":[394],"tags":[397,452],"class_list":["post-22376","post","type-post","status-publish","format-standard","has-post-thumbnail","hentry","category-agenda","tag-agenda-da-secretaria","tag-transparencia","et-has-post-format-content","et_post_format-et-post-format-standard"],"_links":{"self":[{"href":"https:\/\/www.fazenda.niteroi.rj.gov.br\/site\/wp-json\/wp\/v2\/posts\/22376","targetHints":{"allow":["GET"]}}],"collection":[{"href":"https:\/\/www.fazenda.niteroi.rj.gov.br\/site\/wp-json\/wp\/v2\/posts"}],"about":[{"href":"https:\/\/www.fazenda.niteroi.rj.gov.br\/site\/wp-json\/wp\/v2\/types\/post"}],"author":[{"embeddable":true,"href":"https:\/\/www.fazenda.niteroi.rj.gov.br\/site\/wp-json\/wp\/v2\/users\/18"}],"replies":[{"embeddable":true,"href":"https:\/\/www.fazenda.niteroi.rj.gov.br\/site\/wp-json\/wp\/v2\/comments?post=22376"}],"version-history":[{"count":1,"href":"https:\/\/www.fazenda.niteroi.rj.gov.br\/site\/wp-json\/wp\/v2\/posts\/22376\/revisions"}],"predecessor-version":[{"id":22377,"href":"https:\/\/www.fazenda.niteroi.rj.gov.br\/site\/wp-json\/wp\/v2\/posts\/22376\/revisions\/22377"}],"wp:featuredmedia":[{"embeddable":true,"href":"https:\/\/www.fazenda.niteroi.rj.gov.br\/site\/wp-json\/wp\/v2\/media\/12299"}],"wp:attachment":[{"href":"https:\/\/www.fazenda.niteroi.rj.gov.br\/site\/wp-json\/wp\/v2\/media?parent=22376"}],"wp:term":[{"taxonomy":"category","embeddable":true,"href":"https:\/\/www.fazenda.niteroi.rj.gov.br\/site\/wp-json\/wp\/v2\/categories?post=22376"},{"taxonomy":"post_tag","embeddable":true,"href":"https:\/\/www.fazenda.niteroi.rj.gov.br\/site\/wp-json\/wp\/v2\/tags?post=22376"}],"curies":[{"name":"wp","href":"https:\/\/api.w.org\/{rel}","templated":true}]}}