{"id":22378,"date":"2023-07-06T09:17:35","date_gmt":"2023-07-06T12:17:35","guid":{"rendered":"https:\/\/www.fazenda.niteroi.rj.gov.br\/site\/?p=22378"},"modified":"2023-07-06T10:41:20","modified_gmt":"2023-07-06T13:41:20","slug":"agenda-06-07-2023-quinta-feira","status":"publish","type":"post","link":"https:\/\/www.fazenda.niteroi.rj.gov.br\/site\/agenda-06-07-2023-quinta-feira\/","title":{"rendered":"AGENDA 06\/07\/2023 QUINTA-FEIRA"},"content":{"rendered":"\n<p><\/p>\n\n\n\n<p>9h30<br>Reuni\u00e3o com a Controladora &#8211; Cristiane Mara, Secret\u00e1ria de Planejamento &#8211; Ellen Benedetti e o Procurador Geral &#8211; Dr. Francisco Soares<br>Local: SMF<\/p>\n\n\n\n<p>10h30<br>Reuni\u00e3o com Comiss\u00e3o EMUSA<br>Local: SMF<\/p>\n\n\n\n<p>12h<br>FNP &#8211; Reflex\u00f5es Sobre o Futuro das Cidades &#8211; Edi\u00e7\u00e3o Niter\u00f3i\/RJ<br><\/p>\n","protected":false},"excerpt":{"rendered":"<p>9h30Reuni\u00e3o com a Controladora &#8211; Cristiane Mara, Secret\u00e1ria de Planejamento &#8211; Ellen Benedetti e o Procurador Geral &#8211; Dr. Francisco SoaresLocal: SMF 10h30Reuni\u00e3o com Comiss\u00e3o EMUSALocal: SMF 12hFNP &#8211; Reflex\u00f5es [&hellip;]<\/p>\n","protected":false},"author":18,"featured_media":12299,"comment_status":"closed","ping_status":"closed","sticky":false,"template":"","format":"standard","meta":{"_et_pb_use_builder":"","_et_pb_old_content":"","_et_gb_content_width":"","_usar_header_alternativo":false,"footnotes":""},"categories":[394],"tags":[397,452],"class_list":["post-22378","post","type-post","status-publish","format-standard","has-post-thumbnail","hentry","category-agenda","tag-agenda-da-secretaria","tag-transparencia","et-has-post-format-content","et_post_format-et-post-format-standard"],"_links":{"self":[{"href":"https:\/\/www.fazenda.niteroi.rj.gov.br\/site\/wp-json\/wp\/v2\/posts\/22378","targetHints":{"allow":["GET"]}}],"collection":[{"href":"https:\/\/www.fazenda.niteroi.rj.gov.br\/site\/wp-json\/wp\/v2\/posts"}],"about":[{"href":"https:\/\/www.fazenda.niteroi.rj.gov.br\/site\/wp-json\/wp\/v2\/types\/post"}],"author":[{"embeddable":true,"href":"https:\/\/www.fazenda.niteroi.rj.gov.br\/site\/wp-json\/wp\/v2\/users\/18"}],"replies":[{"embeddable":true,"href":"https:\/\/www.fazenda.niteroi.rj.gov.br\/site\/wp-json\/wp\/v2\/comments?post=22378"}],"version-history":[{"count":1,"href":"https:\/\/www.fazenda.niteroi.rj.gov.br\/site\/wp-json\/wp\/v2\/posts\/22378\/revisions"}],"predecessor-version":[{"id":22379,"href":"https:\/\/www.fazenda.niteroi.rj.gov.br\/site\/wp-json\/wp\/v2\/posts\/22378\/revisions\/22379"}],"wp:featuredmedia":[{"embeddable":true,"href":"https:\/\/www.fazenda.niteroi.rj.gov.br\/site\/wp-json\/wp\/v2\/media\/12299"}],"wp:attachment":[{"href":"https:\/\/www.fazenda.niteroi.rj.gov.br\/site\/wp-json\/wp\/v2\/media?parent=22378"}],"wp:term":[{"taxonomy":"category","embeddable":true,"href":"https:\/\/www.fazenda.niteroi.rj.gov.br\/site\/wp-json\/wp\/v2\/categories?post=22378"},{"taxonomy":"post_tag","embeddable":true,"href":"https:\/\/www.fazenda.niteroi.rj.gov.br\/site\/wp-json\/wp\/v2\/tags?post=22378"}],"curies":[{"name":"wp","href":"https:\/\/api.w.org\/{rel}","templated":true}]}}