{"id":22459,"date":"2023-07-12T11:10:26","date_gmt":"2023-07-12T14:10:26","guid":{"rendered":"https:\/\/www.fazenda.niteroi.rj.gov.br\/site\/?p=22459"},"modified":"2023-07-12T11:11:03","modified_gmt":"2023-07-12T14:11:03","slug":"agenda-12-07-2023-quarta-feira","status":"publish","type":"post","link":"https:\/\/www.fazenda.niteroi.rj.gov.br\/site\/agenda-12-07-2023-quarta-feira\/","title":{"rendered":"AGENDA 12\/07\/2023 QUARTA-FEIRA"},"content":{"rendered":"\n<p>10h30<br>Agenda externa<\/p>\n\n\n\n<p>14h<br>Reuni\u00e3o com Luciana da SEFAZ\/RJ &#8211; Escola Fazend\u00e1ria<br>Participam: Subs de Finan\u00e7as &#8211; Sr. Heitor Moreira e de Receitas &#8211; Sr. Juan Rodrigues; Diretora de Comunica\u00e7\u00e3o &#8211; Karoline Nogueira e a Diretora de Planejamento &#8211; Dandara Xavier<br>PAUTA: Programa de Educa\u00e7\u00e3o Fiscal<br>Local : SMF<\/p>\n\n\n\n<p>15h<br>Videoconfer\u00eancia F\u00f3rum do Fundo Soberano<br>&#8220;FFSB &#8211; Reuni\u00e3o T\u00e9cnica com Felipe Marcondes, da TM3 Capital &#8220;<br><\/p>\n\n\n\n<p>15h30<br>Despacho com o Controle Interno<\/p>\n","protected":false},"excerpt":{"rendered":"<p>10h30Agenda externa 14hReuni\u00e3o com Luciana da SEFAZ\/RJ &#8211; Escola Fazend\u00e1riaParticipam: Subs de Finan\u00e7as &#8211; Sr. Heitor Moreira e de Receitas &#8211; Sr. Juan Rodrigues; Diretora de Comunica\u00e7\u00e3o &#8211; Karoline Nogueira [&hellip;]<\/p>\n","protected":false},"author":18,"featured_media":12299,"comment_status":"closed","ping_status":"closed","sticky":false,"template":"","format":"standard","meta":{"_et_pb_use_builder":"","_et_pb_old_content":"","_et_gb_content_width":"","_usar_header_alternativo":false,"footnotes":""},"categories":[394],"tags":[397,452],"class_list":["post-22459","post","type-post","status-publish","format-standard","has-post-thumbnail","hentry","category-agenda","tag-agenda-da-secretaria","tag-transparencia","et-has-post-format-content","et_post_format-et-post-format-standard"],"_links":{"self":[{"href":"https:\/\/www.fazenda.niteroi.rj.gov.br\/site\/wp-json\/wp\/v2\/posts\/22459","targetHints":{"allow":["GET"]}}],"collection":[{"href":"https:\/\/www.fazenda.niteroi.rj.gov.br\/site\/wp-json\/wp\/v2\/posts"}],"about":[{"href":"https:\/\/www.fazenda.niteroi.rj.gov.br\/site\/wp-json\/wp\/v2\/types\/post"}],"author":[{"embeddable":true,"href":"https:\/\/www.fazenda.niteroi.rj.gov.br\/site\/wp-json\/wp\/v2\/users\/18"}],"replies":[{"embeddable":true,"href":"https:\/\/www.fazenda.niteroi.rj.gov.br\/site\/wp-json\/wp\/v2\/comments?post=22459"}],"version-history":[{"count":1,"href":"https:\/\/www.fazenda.niteroi.rj.gov.br\/site\/wp-json\/wp\/v2\/posts\/22459\/revisions"}],"predecessor-version":[{"id":22460,"href":"https:\/\/www.fazenda.niteroi.rj.gov.br\/site\/wp-json\/wp\/v2\/posts\/22459\/revisions\/22460"}],"wp:featuredmedia":[{"embeddable":true,"href":"https:\/\/www.fazenda.niteroi.rj.gov.br\/site\/wp-json\/wp\/v2\/media\/12299"}],"wp:attachment":[{"href":"https:\/\/www.fazenda.niteroi.rj.gov.br\/site\/wp-json\/wp\/v2\/media?parent=22459"}],"wp:term":[{"taxonomy":"category","embeddable":true,"href":"https:\/\/www.fazenda.niteroi.rj.gov.br\/site\/wp-json\/wp\/v2\/categories?post=22459"},{"taxonomy":"post_tag","embeddable":true,"href":"https:\/\/www.fazenda.niteroi.rj.gov.br\/site\/wp-json\/wp\/v2\/tags?post=22459"}],"curies":[{"name":"wp","href":"https:\/\/api.w.org\/{rel}","templated":true}]}}