{"id":22499,"date":"2023-07-24T14:22:17","date_gmt":"2023-07-24T17:22:17","guid":{"rendered":"https:\/\/www.fazenda.niteroi.rj.gov.br\/site\/?p=22499"},"modified":"2023-07-26T11:17:23","modified_gmt":"2023-07-26T14:17:23","slug":"pauta-de-julgamento-para-o-dia-26-de-julho-de-2023","status":"publish","type":"post","link":"https:\/\/www.fazenda.niteroi.rj.gov.br\/site\/pauta-de-julgamento-para-o-dia-26-de-julho-de-2023\/","title":{"rendered":"PAUTA DE JULGAMENTO PARA O DIA 26 DE JULHO DE 2023"},"content":{"rendered":"\n\n\n<p><strong>PREFEITURA MUNICIPAL DE NITER\u00d3I<\/strong><\/p>\n\n\n\n<p><strong><u>CONSELHO DE CONTRIBUINTES DO MUNIC\u00cdPIO DE NITER\u00d3I \u2013 CC<\/u><\/strong><\/p>\n\n\n\n<p><strong>REUNI\u00c3O PARA JULGAMENTOS DE RECURSOS, A SER REALIZADA NO <u>DIA 26 DE JULHO DE 2023<\/u>, COM <u>IN\u00cdCIO \u00c0S 10:00<\/u>,<\/strong><\/p>\n\n\n\n<p><strong><u>Pauta de Julgamentos<\/u><\/strong><\/p>\n\n\n\n<p><strong>(Art. 15, \u00a7 3\u00ba, da Lei n\u00ba 2.228\/2005 e Art. 76 do Decreto n\u00ba 9.735\/2005 e Art. 4\u00ba da Resolu\u00e7\u00e3o n\u00ba 01\/2020 do Conselho de Contribuintes do Munic\u00edpio de Niter\u00f3i)<\/strong><\/p>\n\n\n\n<p><strong><u>1.435\u00aa Sess\u00e3o Ordin\u00e1ria:<\/u><\/strong><\/p>\n\n\n\n<ol class=\"wp-block-list\" type=\"1\">\n<li>030\/000576\/2020<\/li>\n<\/ol>\n\n\n\n<p>&nbsp;RECORRENTE: &#8211; ZEN PARTICIPA\u00c7\u00d5ES LTDA<\/p>\n\n\n\n<p>&nbsp;&nbsp;RECORRIDO: &#8211; FAZENDA P\u00daBLICA MUNICIPAL<\/p>\n\n\n\n<p>&nbsp;&nbsp;REP. DA FAZENDA: MARIA ELISA VIDAL BERNARDO<\/p>\n\n\n\n<p>&nbsp;&nbsp;RELATOR: EDUARDO SOBRAL TAVARES<\/p>\n\n\n\n<p>__________________________________________________________________<\/p>\n\n\n\n<p>   2.  030\/011.333\/2022<\/p>\n\n\n\n<p> RECORRENTE: KARIN WINTER MARCOLINI<\/p>\n\n\n\n<p> RECORRIDO: FAZENDA P\u00daBLICA MUNICIPAL<\/p>\n\n\n\n<p> REP. DA FAZENDA: RAFAEL HENZE PIMENTEL<\/p>\n\n\n\n<p> RELATOR: FABIO DORIGO<\/p>\n\n\n\n<p>__________________________________________________________________<\/p>\n\n\n\n<p>3.     030\/002.073\/2021<\/p>\n\n\n\n<p>RECORRENTE: HERON SZENBERG<\/p>\n\n\n\n<p>RECORRIDO: FAZENDA P\u00daBLICA MUNICIPAL<\/p>\n\n\n\n<p>REP. DA FAZENDA: MARIA ELISA VIDAL BERNARDO<\/p>\n\n\n\n<p>RELATOR: PAULINO GON\u00c7ALVES MOREIRA LEITE<\/p>\n\n\n\n<p>CC, EM 23 DE JULHO DE 2023<\/p>\n","protected":false},"excerpt":{"rendered":"<p>PREFEITURA MUNICIPAL DE NITER\u00d3I CONSELHO DE CONTRIBUINTES DO MUNIC\u00cdPIO DE NITER\u00d3I \u2013 CC REUNI\u00c3O PARA JULGAMENTOS DE RECURSOS, A SER REALIZADA NO DIA 26 DE JULHO DE 2023, COM IN\u00cdCIO [&hellip;]<\/p>\n","protected":false},"author":4,"featured_media":0,"comment_status":"closed","ping_status":"closed","sticky":false,"template":"","format":"standard","meta":{"_et_pb_use_builder":"","_et_pb_old_content":"","_et_gb_content_width":"","_usar_header_alternativo":false,"footnotes":""},"categories":[126,132],"tags":[],"class_list":["post-22499","post","type-post","status-publish","format-standard","hentry","category-ccn","category-pautas","et-doesnt-have-format-content","et_post_format-et-post-format-standard"],"_links":{"self":[{"href":"https:\/\/www.fazenda.niteroi.rj.gov.br\/site\/wp-json\/wp\/v2\/posts\/22499","targetHints":{"allow":["GET"]}}],"collection":[{"href":"https:\/\/www.fazenda.niteroi.rj.gov.br\/site\/wp-json\/wp\/v2\/posts"}],"about":[{"href":"https:\/\/www.fazenda.niteroi.rj.gov.br\/site\/wp-json\/wp\/v2\/types\/post"}],"author":[{"embeddable":true,"href":"https:\/\/www.fazenda.niteroi.rj.gov.br\/site\/wp-json\/wp\/v2\/users\/4"}],"replies":[{"embeddable":true,"href":"https:\/\/www.fazenda.niteroi.rj.gov.br\/site\/wp-json\/wp\/v2\/comments?post=22499"}],"version-history":[{"count":2,"href":"https:\/\/www.fazenda.niteroi.rj.gov.br\/site\/wp-json\/wp\/v2\/posts\/22499\/revisions"}],"predecessor-version":[{"id":22516,"href":"https:\/\/www.fazenda.niteroi.rj.gov.br\/site\/wp-json\/wp\/v2\/posts\/22499\/revisions\/22516"}],"wp:attachment":[{"href":"https:\/\/www.fazenda.niteroi.rj.gov.br\/site\/wp-json\/wp\/v2\/media?parent=22499"}],"wp:term":[{"taxonomy":"category","embeddable":true,"href":"https:\/\/www.fazenda.niteroi.rj.gov.br\/site\/wp-json\/wp\/v2\/categories?post=22499"},{"taxonomy":"post_tag","embeddable":true,"href":"https:\/\/www.fazenda.niteroi.rj.gov.br\/site\/wp-json\/wp\/v2\/tags?post=22499"}],"curies":[{"name":"wp","href":"https:\/\/api.w.org\/{rel}","templated":true}]}}