{"id":22624,"date":"2023-08-11T10:04:07","date_gmt":"2023-08-11T13:04:07","guid":{"rendered":"https:\/\/www.fazenda.niteroi.rj.gov.br\/site\/?p=22624"},"modified":"2023-08-11T10:05:07","modified_gmt":"2023-08-11T13:05:07","slug":"agenda-11-08-2023-sexta-feira","status":"publish","type":"post","link":"https:\/\/www.fazenda.niteroi.rj.gov.br\/site\/agenda-11-08-2023-sexta-feira\/","title":{"rendered":"Agenda 11\/08\/2023 Sexta-Feira"},"content":{"rendered":"\n<p>09h30<\/p>\n\n\n\n<p>Despacho com o Controle Interno<\/p>\n\n\n\n<p>10h30<\/p>\n\n\n\n<p>Despacho Interno com a Subs, de Contabilidade Sra. Fernanda Rodrigues<\/p>\n\n\n\n<p>11h30<\/p>\n\n\n\n<p>Despacho com a Chefe de Gabinete Sra. T\u00e2nia Siqueira<\/p>\n\n\n\n<p>14h30<\/p>\n\n\n\n<p>Reuni\u00e3o Secret\u00e1ria de Culturas Sra. J\u00falia Pacheco<\/p>\n\n\n\n<p><\/p>\n\n\n\n<p><\/p>\n","protected":false},"excerpt":{"rendered":"<p>09h30 Despacho com o Controle Interno 10h30 Despacho Interno com a Subs, de Contabilidade Sra. Fernanda Rodrigues 11h30 Despacho com a Chefe de Gabinete Sra. T\u00e2nia Siqueira 14h30 Reuni\u00e3o Secret\u00e1ria [&hellip;]<\/p>\n","protected":false},"author":20,"featured_media":0,"comment_status":"closed","ping_status":"closed","sticky":false,"template":"","format":"standard","meta":{"_et_pb_use_builder":"","_et_pb_old_content":"","_et_gb_content_width":"","_usar_header_alternativo":false,"footnotes":""},"categories":[394],"tags":[397,452],"class_list":["post-22624","post","type-post","status-publish","format-standard","hentry","category-agenda","tag-agenda-da-secretaria","tag-transparencia","et-doesnt-have-format-content","et_post_format-et-post-format-standard"],"_links":{"self":[{"href":"https:\/\/www.fazenda.niteroi.rj.gov.br\/site\/wp-json\/wp\/v2\/posts\/22624","targetHints":{"allow":["GET"]}}],"collection":[{"href":"https:\/\/www.fazenda.niteroi.rj.gov.br\/site\/wp-json\/wp\/v2\/posts"}],"about":[{"href":"https:\/\/www.fazenda.niteroi.rj.gov.br\/site\/wp-json\/wp\/v2\/types\/post"}],"author":[{"embeddable":true,"href":"https:\/\/www.fazenda.niteroi.rj.gov.br\/site\/wp-json\/wp\/v2\/users\/20"}],"replies":[{"embeddable":true,"href":"https:\/\/www.fazenda.niteroi.rj.gov.br\/site\/wp-json\/wp\/v2\/comments?post=22624"}],"version-history":[{"count":1,"href":"https:\/\/www.fazenda.niteroi.rj.gov.br\/site\/wp-json\/wp\/v2\/posts\/22624\/revisions"}],"predecessor-version":[{"id":22626,"href":"https:\/\/www.fazenda.niteroi.rj.gov.br\/site\/wp-json\/wp\/v2\/posts\/22624\/revisions\/22626"}],"wp:attachment":[{"href":"https:\/\/www.fazenda.niteroi.rj.gov.br\/site\/wp-json\/wp\/v2\/media?parent=22624"}],"wp:term":[{"taxonomy":"category","embeddable":true,"href":"https:\/\/www.fazenda.niteroi.rj.gov.br\/site\/wp-json\/wp\/v2\/categories?post=22624"},{"taxonomy":"post_tag","embeddable":true,"href":"https:\/\/www.fazenda.niteroi.rj.gov.br\/site\/wp-json\/wp\/v2\/tags?post=22624"}],"curies":[{"name":"wp","href":"https:\/\/api.w.org\/{rel}","templated":true}]}}