{"id":2270,"date":"2016-11-01T15:12:35","date_gmt":"2016-11-01T17:12:35","guid":{"rendered":"http:\/\/fazenda.niteroi.rj.gov.br\/site\/?p=2270"},"modified":"2016-11-01T15:12:35","modified_gmt":"2016-11-01T17:12:35","slug":"pauta-de-julgamento-dia-03112016","status":"publish","type":"post","link":"https:\/\/www.fazenda.niteroi.rj.gov.br\/site\/pauta-de-julgamento-dia-03112016\/","title":{"rendered":"Pauta de Julgamento dia 03\/11\/2016"},"content":{"rendered":"<p><strong>Processos que ser\u00e3o julgados na Quinta-feira, 03 de Novembro de 2016:<\/strong><\/p>\n<p>&nbsp;<\/p>\n<ul>\n<li><strong>Primeira Reuni\u00e3o \u00e0s 10 horas.<\/strong><\/li>\n<\/ul>\n<p>Processo: <strong>030\/020077\/2016<\/strong><\/p>\n<p>Recorrente: <strong>MARIA DA CONCEI\u00c7\u00c3O AZEVEDO ARAG\u00c3O<\/strong><\/p>\n<p>Relator:\u00a0SR. AMAURI LUIZ DE AZEVEDO<\/p>\n<ul>\n<li><strong>Segunda Reuni\u00e3o \u00e0s 13 horas.<\/strong><\/li>\n<\/ul>\n<p>Processos: <strong>030\/011734\/2015<\/strong><\/p>\n<p>Recorrente: <strong>MARIA HELENA CORREA BURICHE E S\/M<\/strong><\/p>\n<p>Relator:\u00a0SR. ROBERTO PEDREIRA FERREIRA CURI<\/p>\n<p>&nbsp;<\/p>\n","protected":false},"excerpt":{"rendered":"<p>Processos que ser\u00e3o julgados na Quinta-feira, 03 de Novembro de 2016: &nbsp; Primeira Reuni\u00e3o \u00e0s 10 horas. Processo: 030\/020077\/2016 Recorrente: MARIA DA CONCEI\u00c7\u00c3O AZEVEDO ARAG\u00c3O Relator:\u00a0SR. AMAURI LUIZ DE AZEVEDO [&hellip;]<\/p>\n","protected":false},"author":4,"featured_media":1624,"comment_status":"closed","ping_status":"closed","sticky":false,"template":"","format":"standard","meta":{"_et_pb_use_builder":"","_et_pb_old_content":"","_et_gb_content_width":"","_usar_header_alternativo":false,"footnotes":""},"categories":[132],"tags":[],"class_list":["post-2270","post","type-post","status-publish","format-standard","has-post-thumbnail","hentry","category-pautas","et-has-post-format-content","et_post_format-et-post-format-standard"],"_links":{"self":[{"href":"https:\/\/www.fazenda.niteroi.rj.gov.br\/site\/wp-json\/wp\/v2\/posts\/2270","targetHints":{"allow":["GET"]}}],"collection":[{"href":"https:\/\/www.fazenda.niteroi.rj.gov.br\/site\/wp-json\/wp\/v2\/posts"}],"about":[{"href":"https:\/\/www.fazenda.niteroi.rj.gov.br\/site\/wp-json\/wp\/v2\/types\/post"}],"author":[{"embeddable":true,"href":"https:\/\/www.fazenda.niteroi.rj.gov.br\/site\/wp-json\/wp\/v2\/users\/4"}],"replies":[{"embeddable":true,"href":"https:\/\/www.fazenda.niteroi.rj.gov.br\/site\/wp-json\/wp\/v2\/comments?post=2270"}],"version-history":[{"count":0,"href":"https:\/\/www.fazenda.niteroi.rj.gov.br\/site\/wp-json\/wp\/v2\/posts\/2270\/revisions"}],"wp:featuredmedia":[{"embeddable":true,"href":"https:\/\/www.fazenda.niteroi.rj.gov.br\/site\/wp-json\/wp\/v2\/media\/1624"}],"wp:attachment":[{"href":"https:\/\/www.fazenda.niteroi.rj.gov.br\/site\/wp-json\/wp\/v2\/media?parent=2270"}],"wp:term":[{"taxonomy":"category","embeddable":true,"href":"https:\/\/www.fazenda.niteroi.rj.gov.br\/site\/wp-json\/wp\/v2\/categories?post=2270"},{"taxonomy":"post_tag","embeddable":true,"href":"https:\/\/www.fazenda.niteroi.rj.gov.br\/site\/wp-json\/wp\/v2\/tags?post=2270"}],"curies":[{"name":"wp","href":"https:\/\/api.w.org\/{rel}","templated":true}]}}