{"id":22898,"date":"2023-09-18T15:20:27","date_gmt":"2023-09-18T18:20:27","guid":{"rendered":"https:\/\/www.fazenda.niteroi.rj.gov.br\/site\/?p=22898"},"modified":"2023-09-18T15:20:54","modified_gmt":"2023-09-18T18:20:54","slug":"reuniao-administrativa-de-no-10-a-ser-realizada-no-dia-20-de-setembro-de-2023-com-inicio-ao-final-da-1449a-sessao-ordinaria","status":"publish","type":"post","link":"https:\/\/www.fazenda.niteroi.rj.gov.br\/site\/reuniao-administrativa-de-no-10-a-ser-realizada-no-dia-20-de-setembro-de-2023-com-inicio-ao-final-da-1449a-sessao-ordinaria\/","title":{"rendered":"REUNI\u00c3O ADMINISTRATIVA DE N\u00ba 10 A SER REALIZADA NO DIA 20 DE SETEMBRO DE 2023, COM IN\u00cdCIO AO FINAL DA 1449\u00aa SESS\u00c3O ORDIN\u00c1RIA"},"content":{"rendered":"\n\n\n<p><strong>PREFEITURA MUNICIPAL DE NITER\u00d3I<\/strong><\/p>\n\n\n\n<p><strong><u>CONSELHO DE CONTRIBUINTES DO MUNIC\u00cdPIO DE NITER\u00d3I \u2013 CC<\/u><\/strong><\/p>\n\n\n\n<p><strong>REUNI\u00c3O ADMINISTRATIVA &nbsp;A SER REALIZADA NO <u>DIA 20 DE SETEMBRO DE 2023<\/u>, COM <u>IN\u00cdCIO AO FINAL DA 1449\u00aa SESS\u00c3O ORDIN\u00c1RIA.<\/u><\/strong><\/p>\n\n\n\n<p><strong><u>Pauta Administrativa &nbsp;<\/u><\/strong><\/p>\n\n\n\n<p><strong><u>10\u00aa Sess\u00e3o Administrativa:<\/u><\/strong><\/p>\n\n\n\n<p><strong>Processo 030\/015066\/2023 &nbsp;&nbsp;&nbsp;&nbsp;&nbsp;&nbsp;&nbsp;<\/strong><\/p>\n\n\n\n<p><strong>Argui\u00e7\u00e3o de Suspei\u00e7\u00e3o relativa ao processo 030\/020774\/2019<\/strong><\/p>\n\n\n\n<p>CC em 18 de setembro de 2023<\/p>\n","protected":false},"excerpt":{"rendered":"<p>PREFEITURA MUNICIPAL DE NITER\u00d3I CONSELHO DE CONTRIBUINTES DO MUNIC\u00cdPIO DE NITER\u00d3I \u2013 CC REUNI\u00c3O ADMINISTRATIVA &nbsp;A SER REALIZADA NO DIA 20 DE SETEMBRO DE 2023, COM IN\u00cdCIO AO FINAL DA [&hellip;]<\/p>\n","protected":false},"author":4,"featured_media":0,"comment_status":"closed","ping_status":"closed","sticky":false,"template":"","format":"standard","meta":{"_et_pb_use_builder":"","_et_pb_old_content":"","_et_gb_content_width":"","_usar_header_alternativo":false,"footnotes":""},"categories":[126,132],"tags":[],"class_list":["post-22898","post","type-post","status-publish","format-standard","hentry","category-ccn","category-pautas","et-doesnt-have-format-content","et_post_format-et-post-format-standard"],"_links":{"self":[{"href":"https:\/\/www.fazenda.niteroi.rj.gov.br\/site\/wp-json\/wp\/v2\/posts\/22898","targetHints":{"allow":["GET"]}}],"collection":[{"href":"https:\/\/www.fazenda.niteroi.rj.gov.br\/site\/wp-json\/wp\/v2\/posts"}],"about":[{"href":"https:\/\/www.fazenda.niteroi.rj.gov.br\/site\/wp-json\/wp\/v2\/types\/post"}],"author":[{"embeddable":true,"href":"https:\/\/www.fazenda.niteroi.rj.gov.br\/site\/wp-json\/wp\/v2\/users\/4"}],"replies":[{"embeddable":true,"href":"https:\/\/www.fazenda.niteroi.rj.gov.br\/site\/wp-json\/wp\/v2\/comments?post=22898"}],"version-history":[{"count":1,"href":"https:\/\/www.fazenda.niteroi.rj.gov.br\/site\/wp-json\/wp\/v2\/posts\/22898\/revisions"}],"predecessor-version":[{"id":22899,"href":"https:\/\/www.fazenda.niteroi.rj.gov.br\/site\/wp-json\/wp\/v2\/posts\/22898\/revisions\/22899"}],"wp:attachment":[{"href":"https:\/\/www.fazenda.niteroi.rj.gov.br\/site\/wp-json\/wp\/v2\/media?parent=22898"}],"wp:term":[{"taxonomy":"category","embeddable":true,"href":"https:\/\/www.fazenda.niteroi.rj.gov.br\/site\/wp-json\/wp\/v2\/categories?post=22898"},{"taxonomy":"post_tag","embeddable":true,"href":"https:\/\/www.fazenda.niteroi.rj.gov.br\/site\/wp-json\/wp\/v2\/tags?post=22898"}],"curies":[{"name":"wp","href":"https:\/\/api.w.org\/{rel}","templated":true}]}}