{"id":22937,"date":"2023-10-02T17:26:46","date_gmt":"2023-10-02T20:26:46","guid":{"rendered":"https:\/\/www.fazenda.niteroi.rj.gov.br\/site\/?p=22937"},"modified":"2023-10-02T17:31:37","modified_gmt":"2023-10-02T20:31:37","slug":"pauta-da-1-452a-sessao-de-julgamento","status":"publish","type":"post","link":"https:\/\/www.fazenda.niteroi.rj.gov.br\/site\/pauta-da-1-452a-sessao-de-julgamento\/","title":{"rendered":"PAUTA DA 1.452\u00aa SESS\u00c3O DE JULGAMENTO DE 04 DE OUTUBRO DE 2023"},"content":{"rendered":"\n<p><strong>CONSELHO DE CONTRIBUINTES DO MUNIC\u00cdPIO DE NITER\u00d3I \u2013 CC<\/strong>&nbsp;<\/p>\n\n\n\n<p><strong>REUNI\u00c3O PARA JULGAMENTOS DE RECURSOS, A SER REALIZADA NO <\/strong><strong>DIA 04 DE OUTUBRO DE 2023<\/strong><strong>, COM <\/strong><strong>IN\u00cdCIO \u00c0S 10:00<\/strong><strong>,<\/strong>&nbsp;<\/p>\n\n\n\n<p><strong>Pauta de Julgamentos <\/strong>&nbsp;<\/p>\n\n\n\n<p><strong>(Art. 15, \u00a7 3\u00ba, da Lei n\u00ba 2.228\/2005 e Art. 76 do Decreto n\u00ba 9.735\/2005 e Art. 4\u00ba da Resolu\u00e7\u00e3o n\u00ba 01\/2020 do Conselho de Contribuintes do Munic\u00edpio de Niter\u00f3i)<\/strong>&nbsp;<\/p>\n\n\n\n<p><strong>1.452\u00aa Sess\u00e3o Ordin\u00e1ria:<\/strong>&nbsp;<\/p>\n\n\n\n<ol class=\"wp-block-list\" start=\"1\">\n<li><strong>PROCESSO: 030\/018874\/2022<\/strong>&nbsp;<\/li>\n<\/ol>\n\n\n\n<p>           RECORRENTE: ADELINA DA SILVA CHRISTELLO&nbsp;<\/p>\n\n\n\n<p>           RECORRIDO: FAZENDA P\u00daBLICA MUNICIPAL&nbsp;<\/p>\n\n\n\n<p>           REP. DA FAZENDA: RAFAEL HENZE PIMENTEL&nbsp;<\/p>\n\n\n\n<p>           RELATOR: LUIZ FELIPE CARREIRA MARQUES&nbsp;&nbsp;<\/p>\n\n\n\n<ol class=\"wp-block-list\" start=\"2\">\n<li><strong>PROCESSO: 030\/031186\/2019<\/strong>&nbsp;<\/li>\n<\/ol>\n\n\n\n<p>           RECORRENTE: LOJAS RIACHUELO S\/A&nbsp;&nbsp;<\/p>\n\n\n\n<p>           RECORRIDO: FAZENDA P\u00daBLICA MUNICIPAL &nbsp;<\/p>\n\n\n\n<p>           REP. DA FAZENDA: ANDR\u00c9 LU\u00cdS CARDOSO PIRES&nbsp;&nbsp;<\/p>\n\n\n\n<p>           RELATOR: ERMANO TORRES SANTIAGO&nbsp;&nbsp;<\/p>\n\n\n\n<ol class=\"wp-block-list\" start=\"3\">\n<li><strong>PROCESSO:&nbsp; 030\/031176\/2019 &nbsp;&nbsp;<\/strong>&nbsp;<\/li>\n<\/ol>\n\n\n\n<p>&nbsp;&nbsp;&nbsp;&nbsp;&nbsp;&nbsp;&nbsp;    RECORRENTE: CAIXA ECON\u00d4MICA FEDERAL&nbsp;&nbsp;<\/p>\n\n\n\n<p>&nbsp;&nbsp;&nbsp;&nbsp;&nbsp;&nbsp;&nbsp;&nbsp; &nbsp;&nbsp;RECORRIDO: FAZENDA P\u00daBLICA MUNICIPAL &nbsp;<\/p>\n\n\n\n<p>&nbsp;&nbsp;&nbsp;&nbsp;&nbsp;&nbsp;&nbsp;&nbsp;&nbsp; &nbsp;REP. DA FAZENDA: ANDR\u00c9 LU\u00cdS CARDOSO PIRES&nbsp;&nbsp;&nbsp;<\/p>\n\n\n\n<p>&nbsp;&nbsp;&nbsp;&nbsp;&nbsp;&nbsp;&nbsp;&nbsp;&nbsp; &nbsp;RELATOR: RODRIGO FULGONI BRANCO&nbsp;<\/p>\n\n\n\n<p>CC em 02&nbsp;de outubro&nbsp;de 2023&nbsp;<\/p>\n","protected":false},"excerpt":{"rendered":"<p>CONSELHO DE CONTRIBUINTES DO MUNIC\u00cdPIO DE NITER\u00d3I \u2013 CC&nbsp; REUNI\u00c3O PARA JULGAMENTOS DE RECURSOS, A SER REALIZADA NO DIA 04 DE OUTUBRO DE 2023, COM IN\u00cdCIO \u00c0S 10:00,&nbsp; Pauta de [&hellip;]<\/p>\n","protected":false},"author":42,"featured_media":0,"comment_status":"closed","ping_status":"closed","sticky":false,"template":"","format":"standard","meta":{"_et_pb_use_builder":"","_et_pb_old_content":"","_et_gb_content_width":"","_usar_header_alternativo":false,"footnotes":""},"categories":[126,132],"tags":[],"class_list":["post-22937","post","type-post","status-publish","format-standard","hentry","category-ccn","category-pautas","et-doesnt-have-format-content","et_post_format-et-post-format-standard"],"_links":{"self":[{"href":"https:\/\/www.fazenda.niteroi.rj.gov.br\/site\/wp-json\/wp\/v2\/posts\/22937","targetHints":{"allow":["GET"]}}],"collection":[{"href":"https:\/\/www.fazenda.niteroi.rj.gov.br\/site\/wp-json\/wp\/v2\/posts"}],"about":[{"href":"https:\/\/www.fazenda.niteroi.rj.gov.br\/site\/wp-json\/wp\/v2\/types\/post"}],"author":[{"embeddable":true,"href":"https:\/\/www.fazenda.niteroi.rj.gov.br\/site\/wp-json\/wp\/v2\/users\/42"}],"replies":[{"embeddable":true,"href":"https:\/\/www.fazenda.niteroi.rj.gov.br\/site\/wp-json\/wp\/v2\/comments?post=22937"}],"version-history":[{"count":3,"href":"https:\/\/www.fazenda.niteroi.rj.gov.br\/site\/wp-json\/wp\/v2\/posts\/22937\/revisions"}],"predecessor-version":[{"id":22940,"href":"https:\/\/www.fazenda.niteroi.rj.gov.br\/site\/wp-json\/wp\/v2\/posts\/22937\/revisions\/22940"}],"wp:attachment":[{"href":"https:\/\/www.fazenda.niteroi.rj.gov.br\/site\/wp-json\/wp\/v2\/media?parent=22937"}],"wp:term":[{"taxonomy":"category","embeddable":true,"href":"https:\/\/www.fazenda.niteroi.rj.gov.br\/site\/wp-json\/wp\/v2\/categories?post=22937"},{"taxonomy":"post_tag","embeddable":true,"href":"https:\/\/www.fazenda.niteroi.rj.gov.br\/site\/wp-json\/wp\/v2\/tags?post=22937"}],"curies":[{"name":"wp","href":"https:\/\/api.w.org\/{rel}","templated":true}]}}