{"id":22952,"date":"2023-10-05T14:09:06","date_gmt":"2023-10-05T17:09:06","guid":{"rendered":"https:\/\/www.fazenda.niteroi.rj.gov.br\/site\/?p=22952"},"modified":"2023-10-05T14:09:43","modified_gmt":"2023-10-05T17:09:43","slug":"workshop-promovido-pela-defesa-civil-de-niteroi-para-liderancas-cristas-da-cidade","status":"publish","type":"post","link":"https:\/\/www.fazenda.niteroi.rj.gov.br\/site\/workshop-promovido-pela-defesa-civil-de-niteroi-para-liderancas-cristas-da-cidade\/","title":{"rendered":"Workshop promovido pela Defesa Civil de Niter\u00f3i para lideran\u00e7as crist\u00e3s da cidade"},"content":{"rendered":"\n<p><br>Niter\u00f3i sediou, na quarta-feira (06 de setembro), no Caminho Niemeyer, o II Semin\u00e1rio Regional de Boas Pr\u00e1ticas em Defesa Civil. O evento teve como objetivo promover o interc\u00e2mbio de experi\u00eancias e a troca de informa\u00e7\u00f5es entre as secretarias de Defesa Civil de munic\u00edpios do estado. Durante o encontro, foram apresentados e destacados projetos e programas de preven\u00e7\u00e3o desenvolvidos nas localidades, visando compartilhar modelos diferenciados.<\/p>\n\n\n\n<p>&#8220;O evento foi colaborativo e de grande import\u00e2ncia. Tamb\u00e9m convidamos volunt\u00e1rios e participantes de diversas \u00e1reas. Os temas tratados foram de grande relev\u00e2ncia, com extrema import\u00e2ncia para o aprimoramento de todos&#8221;, explicou o coronel Wallace Medeiros, ex-secret\u00e1rio de Defesa Civil e Geot\u00e9cnica de Niter\u00f3i, que proferiu uma palestra sobre &#8220;Intelig\u00eancia de dados e participa\u00e7\u00e3o popular no aprimoramento da Defesa Civil&#8221;.<\/p>\n\n\n\n<p>O evento foi organizado pela Regional Metropolitana de Defesa Civil (REDEC Metropolitana), da Secretaria de Estado de Defesa Civil do Rio de Janeiro, e contou com o apoio da Prefeitura de Niter\u00f3i.<\/p>\n\n\n\n<p>Outros temas abordados no evento inclu\u00edram &#8220;Uso de Tecnologias Embarcadas com acesso \u00e0 Internet (IoT) para Monitoramento de Alagamentos e Inunda\u00e7\u00f5es&#8221;, com o professor Andres Pablo L\u00f3pez Barbero, da Universidade Federal Fluminense (UFF). &#8220;Sistema de Monitoramento de Estabilidade de Encostas e Focos de Inc\u00eandios com Sensores de Baixo Custo&#8221; foi o tema apresentado pelo professor Ivanovich Salcedo, tamb\u00e9m da UFF.<\/p>\n\n\n\n<p>O objetivo do II Semin\u00e1rio de Boas Pr\u00e1ticas em Defesa Civil da REDEC Metropolitana foi compartilhar e debater ideias, iniciativas e experi\u00eancias em Prote\u00e7\u00e3o e Defesa Civil, com o intuito de aproximar e estreitar rela\u00e7\u00f5es com os \u00f3rg\u00e3os de Defesa Civil municipais. Al\u00e9m disso, o semin\u00e1rio visou incentivar os munic\u00edpios a interagirem e apresentarem projetos e a\u00e7\u00f5es para per\u00edodos de normalidade, como explicou o major Rafael Braz\u00e3o da Gama, coordenador regional da Metropolitana.<\/p>\n","protected":false},"excerpt":{"rendered":"<p>Niter\u00f3i sediou, na quarta-feira (06 de setembro), no Caminho Niemeyer, o II Semin\u00e1rio Regional de Boas Pr\u00e1ticas em Defesa Civil. O evento teve como objetivo promover o interc\u00e2mbio de experi\u00eancias [&hellip;]<\/p>\n","protected":false},"author":38,"featured_media":22953,"comment_status":"closed","ping_status":"closed","sticky":false,"template":"","format":"standard","meta":{"_et_pb_use_builder":"","_et_pb_old_content":"","_et_gb_content_width":"","_usar_header_alternativo":false,"footnotes":""},"categories":[10],"tags":[],"class_list":["post-22952","post","type-post","status-publish","format-standard","has-post-thumbnail","hentry","category-noticias","et-has-post-format-content","et_post_format-et-post-format-standard"],"_links":{"self":[{"href":"https:\/\/www.fazenda.niteroi.rj.gov.br\/site\/wp-json\/wp\/v2\/posts\/22952","targetHints":{"allow":["GET"]}}],"collection":[{"href":"https:\/\/www.fazenda.niteroi.rj.gov.br\/site\/wp-json\/wp\/v2\/posts"}],"about":[{"href":"https:\/\/www.fazenda.niteroi.rj.gov.br\/site\/wp-json\/wp\/v2\/types\/post"}],"author":[{"embeddable":true,"href":"https:\/\/www.fazenda.niteroi.rj.gov.br\/site\/wp-json\/wp\/v2\/users\/38"}],"replies":[{"embeddable":true,"href":"https:\/\/www.fazenda.niteroi.rj.gov.br\/site\/wp-json\/wp\/v2\/comments?post=22952"}],"version-history":[{"count":1,"href":"https:\/\/www.fazenda.niteroi.rj.gov.br\/site\/wp-json\/wp\/v2\/posts\/22952\/revisions"}],"predecessor-version":[{"id":22954,"href":"https:\/\/www.fazenda.niteroi.rj.gov.br\/site\/wp-json\/wp\/v2\/posts\/22952\/revisions\/22954"}],"wp:featuredmedia":[{"embeddable":true,"href":"https:\/\/www.fazenda.niteroi.rj.gov.br\/site\/wp-json\/wp\/v2\/media\/22953"}],"wp:attachment":[{"href":"https:\/\/www.fazenda.niteroi.rj.gov.br\/site\/wp-json\/wp\/v2\/media?parent=22952"}],"wp:term":[{"taxonomy":"category","embeddable":true,"href":"https:\/\/www.fazenda.niteroi.rj.gov.br\/site\/wp-json\/wp\/v2\/categories?post=22952"},{"taxonomy":"post_tag","embeddable":true,"href":"https:\/\/www.fazenda.niteroi.rj.gov.br\/site\/wp-json\/wp\/v2\/tags?post=22952"}],"curies":[{"name":"wp","href":"https:\/\/api.w.org\/{rel}","templated":true}]}}