{"id":23089,"date":"2023-10-31T08:33:41","date_gmt":"2023-10-31T11:33:41","guid":{"rendered":"https:\/\/www.fazenda.niteroi.rj.gov.br\/site\/?p=23089"},"modified":"2023-10-31T08:33:54","modified_gmt":"2023-10-31T11:33:54","slug":"agenda-dia-31-10-2023","status":"publish","type":"post","link":"https:\/\/www.fazenda.niteroi.rj.gov.br\/site\/agenda-dia-31-10-2023\/","title":{"rendered":"Agenda Dia 31\/10\/2023"},"content":{"rendered":"\n<p>10h \u00e0s 17h &#8211; Evento externo &#8211; SEFAZ &#8211; &#8220;Explicando a Reforma Tribut\u00e1ria&#8221;<\/p>\n\n\n\n<p>Local: Audit\u00f3rio do Edif\u00edcio Sede da Secretaria de Fazenda do Rio de Janeiro<\/p>\n\n\n\n<p><\/p>\n","protected":false},"excerpt":{"rendered":"<p>10h \u00e0s 17h &#8211; Evento externo &#8211; SEFAZ &#8211; &#8220;Explicando a Reforma Tribut\u00e1ria&#8221; Local: Audit\u00f3rio do Edif\u00edcio Sede da Secretaria de Fazenda do Rio de Janeiro<\/p>\n","protected":false},"author":39,"featured_media":0,"comment_status":"closed","ping_status":"closed","sticky":false,"template":"","format":"standard","meta":{"_et_pb_use_builder":"","_et_pb_old_content":"","_et_gb_content_width":"","_usar_header_alternativo":false,"footnotes":""},"categories":[394],"tags":[],"class_list":["post-23089","post","type-post","status-publish","format-standard","hentry","category-agenda","et-doesnt-have-format-content","et_post_format-et-post-format-standard"],"_links":{"self":[{"href":"https:\/\/www.fazenda.niteroi.rj.gov.br\/site\/wp-json\/wp\/v2\/posts\/23089","targetHints":{"allow":["GET"]}}],"collection":[{"href":"https:\/\/www.fazenda.niteroi.rj.gov.br\/site\/wp-json\/wp\/v2\/posts"}],"about":[{"href":"https:\/\/www.fazenda.niteroi.rj.gov.br\/site\/wp-json\/wp\/v2\/types\/post"}],"author":[{"embeddable":true,"href":"https:\/\/www.fazenda.niteroi.rj.gov.br\/site\/wp-json\/wp\/v2\/users\/39"}],"replies":[{"embeddable":true,"href":"https:\/\/www.fazenda.niteroi.rj.gov.br\/site\/wp-json\/wp\/v2\/comments?post=23089"}],"version-history":[{"count":1,"href":"https:\/\/www.fazenda.niteroi.rj.gov.br\/site\/wp-json\/wp\/v2\/posts\/23089\/revisions"}],"predecessor-version":[{"id":23090,"href":"https:\/\/www.fazenda.niteroi.rj.gov.br\/site\/wp-json\/wp\/v2\/posts\/23089\/revisions\/23090"}],"wp:attachment":[{"href":"https:\/\/www.fazenda.niteroi.rj.gov.br\/site\/wp-json\/wp\/v2\/media?parent=23089"}],"wp:term":[{"taxonomy":"category","embeddable":true,"href":"https:\/\/www.fazenda.niteroi.rj.gov.br\/site\/wp-json\/wp\/v2\/categories?post=23089"},{"taxonomy":"post_tag","embeddable":true,"href":"https:\/\/www.fazenda.niteroi.rj.gov.br\/site\/wp-json\/wp\/v2\/tags?post=23089"}],"curies":[{"name":"wp","href":"https:\/\/api.w.org\/{rel}","templated":true}]}}