{"id":23093,"date":"2023-11-06T09:27:21","date_gmt":"2023-11-06T12:27:21","guid":{"rendered":"https:\/\/www.fazenda.niteroi.rj.gov.br\/site\/?p=23093"},"modified":"2023-11-06T10:13:57","modified_gmt":"2023-11-06T13:13:57","slug":"agenda-dia-06-11-2023-segunda-feira","status":"publish","type":"post","link":"https:\/\/www.fazenda.niteroi.rj.gov.br\/site\/agenda-dia-06-11-2023-segunda-feira\/","title":{"rendered":"Agenda Dia 06\/11\/2023 &#8211; Segunda-feira"},"content":{"rendered":"\n<p>10h &#8211; Reuni\u00e3o com a Sra. Veronica de Proen\u00e7a Oliveira e a Sra. Flavia Bittencourt<br>Pauta: Escolas Parceiras<br>Local: SMF<\/p>\n\n\n\n<p>11h -Reuni\u00e3o com os Subsecret\u00e1rios da Secretaria Municipal de Fazenda de Niter\u00f3i<br>Local: SMF<\/p>\n\n\n\n<p>14h &#8211; Despacho com Dr. Guilherme Hombeeck<br>Pauta: Decis\u00f5es do Conselho<br>Local: SMF<\/p>\n\n\n\n<p>15h &#8211; Reuni\u00e3o com o Comit\u00ea de \u00c9tica<br>Local: SMF<\/p>\n","protected":false},"excerpt":{"rendered":"<p>10h &#8211; Reuni\u00e3o com a Sra. Veronica de Proen\u00e7a Oliveira e a Sra. Flavia BittencourtPauta: Escolas ParceirasLocal: SMF 11h -Reuni\u00e3o com os Subsecret\u00e1rios da Secretaria Municipal de Fazenda de Niter\u00f3iLocal: [&hellip;]<\/p>\n","protected":false},"author":39,"featured_media":0,"comment_status":"closed","ping_status":"closed","sticky":false,"template":"","format":"standard","meta":{"_et_pb_use_builder":"","_et_pb_old_content":"","_et_gb_content_width":"","_usar_header_alternativo":false,"footnotes":""},"categories":[394],"tags":[],"class_list":["post-23093","post","type-post","status-publish","format-standard","hentry","category-agenda","et-doesnt-have-format-content","et_post_format-et-post-format-standard"],"_links":{"self":[{"href":"https:\/\/www.fazenda.niteroi.rj.gov.br\/site\/wp-json\/wp\/v2\/posts\/23093","targetHints":{"allow":["GET"]}}],"collection":[{"href":"https:\/\/www.fazenda.niteroi.rj.gov.br\/site\/wp-json\/wp\/v2\/posts"}],"about":[{"href":"https:\/\/www.fazenda.niteroi.rj.gov.br\/site\/wp-json\/wp\/v2\/types\/post"}],"author":[{"embeddable":true,"href":"https:\/\/www.fazenda.niteroi.rj.gov.br\/site\/wp-json\/wp\/v2\/users\/39"}],"replies":[{"embeddable":true,"href":"https:\/\/www.fazenda.niteroi.rj.gov.br\/site\/wp-json\/wp\/v2\/comments?post=23093"}],"version-history":[{"count":2,"href":"https:\/\/www.fazenda.niteroi.rj.gov.br\/site\/wp-json\/wp\/v2\/posts\/23093\/revisions"}],"predecessor-version":[{"id":23096,"href":"https:\/\/www.fazenda.niteroi.rj.gov.br\/site\/wp-json\/wp\/v2\/posts\/23093\/revisions\/23096"}],"wp:attachment":[{"href":"https:\/\/www.fazenda.niteroi.rj.gov.br\/site\/wp-json\/wp\/v2\/media?parent=23093"}],"wp:term":[{"taxonomy":"category","embeddable":true,"href":"https:\/\/www.fazenda.niteroi.rj.gov.br\/site\/wp-json\/wp\/v2\/categories?post=23093"},{"taxonomy":"post_tag","embeddable":true,"href":"https:\/\/www.fazenda.niteroi.rj.gov.br\/site\/wp-json\/wp\/v2\/tags?post=23093"}],"curies":[{"name":"wp","href":"https:\/\/api.w.org\/{rel}","templated":true}]}}