{"id":23107,"date":"2023-11-07T09:56:53","date_gmt":"2023-11-07T12:56:53","guid":{"rendered":"https:\/\/www.fazenda.niteroi.rj.gov.br\/site\/?p=23107"},"modified":"2023-11-07T09:57:27","modified_gmt":"2023-11-07T12:57:27","slug":"pauta-de-sessao-administrativa-para-o-dia-08-de-novembro-de-2023","status":"publish","type":"post","link":"https:\/\/www.fazenda.niteroi.rj.gov.br\/site\/pauta-de-sessao-administrativa-para-o-dia-08-de-novembro-de-2023\/","title":{"rendered":"Pauta de Sess\u00e3o Administrativa para o dia 08 de novembro de 2023"},"content":{"rendered":"\n<p><strong>PREFEITURA MUNICIPAL DE NITER\u00d3I<\/strong><\/p>\n\n\n\n<p><strong><u>CONSELHO DE CONTRIBUINTES DO MUNIC\u00cdPIO DE NITER\u00d3I \u2013 CC<\/u><\/strong><\/p>\n\n\n\n<p><strong>REUNI\u00c3O ADMINISTRATIVA A SER REALIZADA NO <u>DIA 08 DE NOVEMBRO DE 2023<\/u>, COM <u>IN\u00cdCIO <\/u>AO FINAL DA 1462\u00aa SESS\u00c3O ORDIN\u00c1RIA.<\/strong><\/p>\n\n\n\n<p><strong><u>Pauta Administrativa<\/u><\/strong><\/p>\n\n\n\n<p><strong><u>12\u00aa Sess\u00e3o Administrativa:<\/u><\/strong><\/p>\n\n\n\n<p><strong>1- Aprecia\u00e7\u00e3o de Pedido de Esclarecimento:<\/strong><\/p>\n\n\n\n<p><strong>Processo 030\/015914\/2019<\/strong><\/p>\n\n\n\n<p><strong>SOLICITANTE: VITOR CARVALHO FARIA<\/strong><\/p>\n\n\n\n<p><strong>RELATOR: ERMANO TORRES SANTIAGO<\/strong><\/p>\n\n\n\n<p><strong>2- Aprofundamento e discuss\u00e3o sobre a aplica\u00e7\u00e3o dos artigos 1\u00ba, 1\u00ba-A e 1\u00ba-B da Resolu\u00e7\u00e3o n\u00ba 049\/SMF\/2020 e suas implica\u00e7\u00f5es, em combina\u00e7\u00e3o com o disposto no par\u00e1grafo 1\u00ba do artigo 2\u00ba da Resolu\u00e7\u00e3o n\u00ba 074\/SMF\/2022.<\/strong><\/p>\n\n\n\n<p>CC em 07 de novembro de 2023<\/p>\n","protected":false},"excerpt":{"rendered":"<p>PREFEITURA MUNICIPAL DE NITER\u00d3I CONSELHO DE CONTRIBUINTES DO MUNIC\u00cdPIO DE NITER\u00d3I \u2013 CC REUNI\u00c3O ADMINISTRATIVA A SER REALIZADA NO DIA 08 DE NOVEMBRO DE 2023, COM IN\u00cdCIO AO FINAL DA [&hellip;]<\/p>\n","protected":false},"author":42,"featured_media":0,"comment_status":"closed","ping_status":"closed","sticky":false,"template":"","format":"standard","meta":{"_et_pb_use_builder":"","_et_pb_old_content":"","_et_gb_content_width":"","_usar_header_alternativo":false,"footnotes":""},"categories":[126,132],"tags":[],"class_list":["post-23107","post","type-post","status-publish","format-standard","hentry","category-ccn","category-pautas","et-doesnt-have-format-content","et_post_format-et-post-format-standard"],"_links":{"self":[{"href":"https:\/\/www.fazenda.niteroi.rj.gov.br\/site\/wp-json\/wp\/v2\/posts\/23107","targetHints":{"allow":["GET"]}}],"collection":[{"href":"https:\/\/www.fazenda.niteroi.rj.gov.br\/site\/wp-json\/wp\/v2\/posts"}],"about":[{"href":"https:\/\/www.fazenda.niteroi.rj.gov.br\/site\/wp-json\/wp\/v2\/types\/post"}],"author":[{"embeddable":true,"href":"https:\/\/www.fazenda.niteroi.rj.gov.br\/site\/wp-json\/wp\/v2\/users\/42"}],"replies":[{"embeddable":true,"href":"https:\/\/www.fazenda.niteroi.rj.gov.br\/site\/wp-json\/wp\/v2\/comments?post=23107"}],"version-history":[{"count":1,"href":"https:\/\/www.fazenda.niteroi.rj.gov.br\/site\/wp-json\/wp\/v2\/posts\/23107\/revisions"}],"predecessor-version":[{"id":23108,"href":"https:\/\/www.fazenda.niteroi.rj.gov.br\/site\/wp-json\/wp\/v2\/posts\/23107\/revisions\/23108"}],"wp:attachment":[{"href":"https:\/\/www.fazenda.niteroi.rj.gov.br\/site\/wp-json\/wp\/v2\/media?parent=23107"}],"wp:term":[{"taxonomy":"category","embeddable":true,"href":"https:\/\/www.fazenda.niteroi.rj.gov.br\/site\/wp-json\/wp\/v2\/categories?post=23107"},{"taxonomy":"post_tag","embeddable":true,"href":"https:\/\/www.fazenda.niteroi.rj.gov.br\/site\/wp-json\/wp\/v2\/tags?post=23107"}],"curies":[{"name":"wp","href":"https:\/\/api.w.org\/{rel}","templated":true}]}}