{"id":23140,"date":"2023-11-08T11:18:20","date_gmt":"2023-11-08T14:18:20","guid":{"rendered":"https:\/\/www.fazenda.niteroi.rj.gov.br\/site\/?p=23140"},"modified":"2023-11-08T11:19:13","modified_gmt":"2023-11-08T14:19:13","slug":"agenda-08-11-2023-quarta-feira","status":"publish","type":"post","link":"https:\/\/www.fazenda.niteroi.rj.gov.br\/site\/agenda-08-11-2023-quarta-feira\/","title":{"rendered":"Agenda 08\/11\/2023 &#8211; Quarta Feira\u00a0"},"content":{"rendered":"\n<p>10h30 &#8211; Apresenta\u00e7\u00e3o Sistema de Gest\u00e3o <\/p>\n\n\n\n<p>Local: SMF<\/p>\n\n\n\n<p>14h00 &#8211; Despacho Interno<\/p>\n\n\n\n<p>Local: SMF <\/p>\n\n\n\n<p>15h00 &#8211; Reuni\u00e3o <\/p>\n\n\n\n<p>Pauta: Estudo de viabilidade do aumento do Petr\u00f3leo<\/p>\n\n\n\n<p>Local: SMF<\/p>\n","protected":false},"excerpt":{"rendered":"<p>10h30 &#8211; Apresenta\u00e7\u00e3o Sistema de Gest\u00e3o Local: SMF 14h00 &#8211; Despacho Interno Local: SMF 15h00 &#8211; Reuni\u00e3o Pauta: Estudo de viabilidade do aumento do Petr\u00f3leo Local: SMF<\/p>\n","protected":false},"author":38,"featured_media":0,"comment_status":"closed","ping_status":"closed","sticky":false,"template":"","format":"standard","meta":{"_et_pb_use_builder":"","_et_pb_old_content":"","_et_gb_content_width":"","_usar_header_alternativo":false,"footnotes":""},"categories":[394],"tags":[397,452],"class_list":["post-23140","post","type-post","status-publish","format-standard","hentry","category-agenda","tag-agenda-da-secretaria","tag-transparencia","et-doesnt-have-format-content","et_post_format-et-post-format-standard"],"_links":{"self":[{"href":"https:\/\/www.fazenda.niteroi.rj.gov.br\/site\/wp-json\/wp\/v2\/posts\/23140","targetHints":{"allow":["GET"]}}],"collection":[{"href":"https:\/\/www.fazenda.niteroi.rj.gov.br\/site\/wp-json\/wp\/v2\/posts"}],"about":[{"href":"https:\/\/www.fazenda.niteroi.rj.gov.br\/site\/wp-json\/wp\/v2\/types\/post"}],"author":[{"embeddable":true,"href":"https:\/\/www.fazenda.niteroi.rj.gov.br\/site\/wp-json\/wp\/v2\/users\/38"}],"replies":[{"embeddable":true,"href":"https:\/\/www.fazenda.niteroi.rj.gov.br\/site\/wp-json\/wp\/v2\/comments?post=23140"}],"version-history":[{"count":1,"href":"https:\/\/www.fazenda.niteroi.rj.gov.br\/site\/wp-json\/wp\/v2\/posts\/23140\/revisions"}],"predecessor-version":[{"id":23141,"href":"https:\/\/www.fazenda.niteroi.rj.gov.br\/site\/wp-json\/wp\/v2\/posts\/23140\/revisions\/23141"}],"wp:attachment":[{"href":"https:\/\/www.fazenda.niteroi.rj.gov.br\/site\/wp-json\/wp\/v2\/media?parent=23140"}],"wp:term":[{"taxonomy":"category","embeddable":true,"href":"https:\/\/www.fazenda.niteroi.rj.gov.br\/site\/wp-json\/wp\/v2\/categories?post=23140"},{"taxonomy":"post_tag","embeddable":true,"href":"https:\/\/www.fazenda.niteroi.rj.gov.br\/site\/wp-json\/wp\/v2\/tags?post=23140"}],"curies":[{"name":"wp","href":"https:\/\/api.w.org\/{rel}","templated":true}]}}