{"id":23142,"date":"2023-09-01T11:46:34","date_gmt":"2023-09-01T14:46:34","guid":{"rendered":"https:\/\/www.fazenda.niteroi.rj.gov.br\/site\/?p=23142"},"modified":"2023-11-08T13:47:24","modified_gmt":"2023-11-08T16:47:24","slug":"nota-maxima-na-fitch-ratings","status":"publish","type":"post","link":"https:\/\/www.fazenda.niteroi.rj.gov.br\/site\/nota-maxima-na-fitch-ratings\/","title":{"rendered":"Nota M\u00e1xima na Fitch Ratings"},"content":{"rendered":"\n<p>Niter\u00f3i no topo mais uma vez! \u2705<\/p>\n\n\n\n<p>A Fitch Ratings conferiu para Niter\u00f3i a nota m\u00e1xima em escala nacional, valor m\u00e1ximo em escala nacional, passando de \u201cAA (bra)\u201d para \u201cAAA (bra), com perspectiva est\u00e1vel.<\/p>\n\n\n\n<p>\u2139 Isto demonstra que Niter\u00f3i tem seguran\u00e7a e garantia para investimentos, gra\u00e7as \u00e0 solidez e \u00e0s perspectivas da economia do munic\u00edpio.<\/p>\n\n\n\n<p>\ud83d\udc49\ud83c\udffc Nos \u00faltimos 10 anos, a cidade avan\u00e7ou em todas as frentes em suas contas p\u00fablicas, modernizando a gest\u00e3o e se tornando uma refer\u00eancia nacional em governan\u00e7a aberta e transpar\u00eancia.<\/p>\n\n\n\n<p>Al\u00e9m da Fitch, Niter\u00f3i recebeu avalia\u00e7\u00f5es positivas de outras duas importantes ag\u00eancias de avalia\u00e7\u00e3o de risco. Confira abaixo: \ud83d\udc47\ud83c\udffc<\/p>\n\n\n\n<p>Em mar\u00e7o, a Moody\u00b4s classificou o munic\u00edpio como \u201ca melhor cidade do pa\u00eds em Governan\u00e7a e Sustentabilidade\u201d. J\u00e1 a Standard &amp; Poors concedeu, no in\u00edcio do ano, a nota brAAA para Niter\u00f3i _ o melhor \u00edndice entre as avalia\u00e7\u00f5es p\u00fablicas realizadas pela ag\u00eancia.<\/p>\n\n\n\n<p>Vamos seguir em frente e avan\u00e7ando cada vez mais!<\/p>\n","protected":false},"excerpt":{"rendered":"<p>Niter\u00f3i no topo mais uma vez! \u2705 A Fitch Ratings conferiu para Niter\u00f3i a nota m\u00e1xima em escala nacional, valor m\u00e1ximo em escala nacional, passando de \u201cAA (bra)\u201d para \u201cAAA [&hellip;]<\/p>\n","protected":false},"author":38,"featured_media":23143,"comment_status":"closed","ping_status":"closed","sticky":false,"template":"","format":"standard","meta":{"_et_pb_use_builder":"","_et_pb_old_content":"","_et_gb_content_width":"","_usar_header_alternativo":false,"footnotes":""},"categories":[10],"tags":[],"class_list":["post-23142","post","type-post","status-publish","format-standard","has-post-thumbnail","hentry","category-noticias","et-has-post-format-content","et_post_format-et-post-format-standard"],"_links":{"self":[{"href":"https:\/\/www.fazenda.niteroi.rj.gov.br\/site\/wp-json\/wp\/v2\/posts\/23142","targetHints":{"allow":["GET"]}}],"collection":[{"href":"https:\/\/www.fazenda.niteroi.rj.gov.br\/site\/wp-json\/wp\/v2\/posts"}],"about":[{"href":"https:\/\/www.fazenda.niteroi.rj.gov.br\/site\/wp-json\/wp\/v2\/types\/post"}],"author":[{"embeddable":true,"href":"https:\/\/www.fazenda.niteroi.rj.gov.br\/site\/wp-json\/wp\/v2\/users\/38"}],"replies":[{"embeddable":true,"href":"https:\/\/www.fazenda.niteroi.rj.gov.br\/site\/wp-json\/wp\/v2\/comments?post=23142"}],"version-history":[{"count":1,"href":"https:\/\/www.fazenda.niteroi.rj.gov.br\/site\/wp-json\/wp\/v2\/posts\/23142\/revisions"}],"predecessor-version":[{"id":23144,"href":"https:\/\/www.fazenda.niteroi.rj.gov.br\/site\/wp-json\/wp\/v2\/posts\/23142\/revisions\/23144"}],"wp:featuredmedia":[{"embeddable":true,"href":"https:\/\/www.fazenda.niteroi.rj.gov.br\/site\/wp-json\/wp\/v2\/media\/23143"}],"wp:attachment":[{"href":"https:\/\/www.fazenda.niteroi.rj.gov.br\/site\/wp-json\/wp\/v2\/media?parent=23142"}],"wp:term":[{"taxonomy":"category","embeddable":true,"href":"https:\/\/www.fazenda.niteroi.rj.gov.br\/site\/wp-json\/wp\/v2\/categories?post=23142"},{"taxonomy":"post_tag","embeddable":true,"href":"https:\/\/www.fazenda.niteroi.rj.gov.br\/site\/wp-json\/wp\/v2\/tags?post=23142"}],"curies":[{"name":"wp","href":"https:\/\/api.w.org\/{rel}","templated":true}]}}