{"id":23185,"date":"2023-09-25T13:39:05","date_gmt":"2023-09-25T16:39:05","guid":{"rendered":"https:\/\/www.fazenda.niteroi.rj.gov.br\/site\/?p=23185"},"modified":"2023-11-09T13:42:41","modified_gmt":"2023-11-09T16:42:41","slug":"xiii-encontro-nacional-da-mulher-contabilista","status":"publish","type":"post","link":"https:\/\/www.fazenda.niteroi.rj.gov.br\/site\/xiii-encontro-nacional-da-mulher-contabilista\/","title":{"rendered":"XIII Encontro Nacional da Mulher Contabilista"},"content":{"rendered":"\n<p>A SMF esteve em Manaus, representada pela subsecret\u00e1ria de contabilidade, Fernanda Rodrigues, para o XIII Encontro Nacional da Mulher Contabilista, o maior evento das Mulheres Profissionais da Contabilidade do Brasil.<\/p>\n\n\n\n<p>O congresso pauta importantes assuntos relacionados \u00e0 \u00e1rea t\u00e9cnico-cont\u00e1bil e \u00e0 gest\u00e3o empresarial, com vistas ao recorte de g\u00eanero. Para isso, re\u00fane profissionais de renome nacional para o debate.<\/p>\n\n\n\n<p> Com o lema \u201cA Nossa Trajet\u00f3ria \u00e9 o Nosso Sucesso!\u201d, o \u201cXIII Encontro Nacional da Mulher Contabilista\u201d foi realizado no Centro de Conven\u00e7\u00f5es do Amazonas, entre os dias 20 e 22 de setembro.<\/p>\n\n\n\n<p>O evento contou com a participa\u00e7\u00e3o de mais de 2 mil profissionais da contabilidade, de todo o Brasil, que puderam trocar experi\u00eancias, nos tr\u00eas dias de evento, em debates sobre os t\u00f3picos mais relevantes da contabilidade.<\/p>\n\n\n\n<p>\u25aa\ufe0f Direcionado para todos os p\u00fablicos, o evento \u00e9 uma idealiza\u00e7\u00e3o do CFC \u2013 Conselho Federal de Contabilidade, com realiza\u00e7\u00e3o da FBC \u2013 Funda\u00e7\u00e3o Brasileira de Contabilidade e apoio da ABRACICON \u2013 Academia Brasileira de Ci\u00eancias Cont\u00e1beis e do CRCAM \u2013 Conselho Regional de Contabilidade do Amazonas e constitui uma excelente oportunidade para se conectar com as principais tend\u00eancias da Contabilidade, al\u00e9m de propiciar networking de alto n\u00edvel.<\/p>\n\n\n\n<p><\/p>\n\n\n\n<figure class=\"wp-block-gallery has-nested-images columns-default is-cropped wp-block-gallery-1 is-layout-flex wp-block-gallery-is-layout-flex\">\n<figure class=\"wp-block-image size-large\"><a href=\"https:\/\/www.fazenda.niteroi.rj.gov.br\/site\/wp-content\/uploads\/2023\/11\/5a4736b6-40e1-4107-a23f-fd7123c72f3c.png\"><img loading=\"lazy\" decoding=\"async\" width=\"600\" height=\"593\" data-id=\"23188\" src=\"https:\/\/www.fazenda.niteroi.rj.gov.br\/site\/wp-content\/uploads\/2023\/11\/5a4736b6-40e1-4107-a23f-fd7123c72f3c-600x593.png\" alt=\"\" class=\"wp-image-23188\" srcset=\"https:\/\/www.fazenda.niteroi.rj.gov.br\/site\/wp-content\/uploads\/2023\/11\/5a4736b6-40e1-4107-a23f-fd7123c72f3c-600x593.png 600w, https:\/\/www.fazenda.niteroi.rj.gov.br\/site\/wp-content\/uploads\/2023\/11\/5a4736b6-40e1-4107-a23f-fd7123c72f3c-304x300.png 304w, https:\/\/www.fazenda.niteroi.rj.gov.br\/site\/wp-content\/uploads\/2023\/11\/5a4736b6-40e1-4107-a23f-fd7123c72f3c-768x759.png 768w, https:\/\/www.fazenda.niteroi.rj.gov.br\/site\/wp-content\/uploads\/2023\/11\/5a4736b6-40e1-4107-a23f-fd7123c72f3c-1080x1067.png 1080w, https:\/\/www.fazenda.niteroi.rj.gov.br\/site\/wp-content\/uploads\/2023\/11\/5a4736b6-40e1-4107-a23f-fd7123c72f3c.png 1170w\" sizes=\"auto, (max-width: 600px) 100vw, 600px\" \/><\/a><\/figure>\n\n\n\n<figure class=\"wp-block-image size-large\"><a href=\"https:\/\/www.fazenda.niteroi.rj.gov.br\/site\/wp-content\/uploads\/2023\/11\/a2407662-7634-4a50-aafc-4fdfc0748039.png\"><img loading=\"lazy\" decoding=\"async\" width=\"600\" height=\"595\" data-id=\"23187\" src=\"https:\/\/www.fazenda.niteroi.rj.gov.br\/site\/wp-content\/uploads\/2023\/11\/a2407662-7634-4a50-aafc-4fdfc0748039-600x595.png\" alt=\"\" class=\"wp-image-23187\" srcset=\"https:\/\/www.fazenda.niteroi.rj.gov.br\/site\/wp-content\/uploads\/2023\/11\/a2407662-7634-4a50-aafc-4fdfc0748039-600x595.png 600w, https:\/\/www.fazenda.niteroi.rj.gov.br\/site\/wp-content\/uploads\/2023\/11\/a2407662-7634-4a50-aafc-4fdfc0748039-302x300.png 302w, https:\/\/www.fazenda.niteroi.rj.gov.br\/site\/wp-content\/uploads\/2023\/11\/a2407662-7634-4a50-aafc-4fdfc0748039-150x150.png 150w, https:\/\/www.fazenda.niteroi.rj.gov.br\/site\/wp-content\/uploads\/2023\/11\/a2407662-7634-4a50-aafc-4fdfc0748039-768x762.png 768w, https:\/\/www.fazenda.niteroi.rj.gov.br\/site\/wp-content\/uploads\/2023\/11\/a2407662-7634-4a50-aafc-4fdfc0748039-1080x1072.png 1080w, https:\/\/www.fazenda.niteroi.rj.gov.br\/site\/wp-content\/uploads\/2023\/11\/a2407662-7634-4a50-aafc-4fdfc0748039.png 1170w\" sizes=\"auto, (max-width: 600px) 100vw, 600px\" \/><\/a><\/figure>\n<\/figure>\n","protected":false},"excerpt":{"rendered":"<p>A SMF esteve em Manaus, representada pela subsecret\u00e1ria de contabilidade, Fernanda Rodrigues, para o XIII Encontro Nacional da Mulher Contabilista, o maior evento das Mulheres Profissionais da Contabilidade do Brasil. [&hellip;]<\/p>\n","protected":false},"author":38,"featured_media":23186,"comment_status":"closed","ping_status":"closed","sticky":false,"template":"","format":"standard","meta":{"_et_pb_use_builder":"","_et_pb_old_content":"","_et_gb_content_width":"","_usar_header_alternativo":false,"footnotes":""},"categories":[10],"tags":[],"class_list":["post-23185","post","type-post","status-publish","format-standard","has-post-thumbnail","hentry","category-noticias","et-has-post-format-content","et_post_format-et-post-format-standard"],"_links":{"self":[{"href":"https:\/\/www.fazenda.niteroi.rj.gov.br\/site\/wp-json\/wp\/v2\/posts\/23185","targetHints":{"allow":["GET"]}}],"collection":[{"href":"https:\/\/www.fazenda.niteroi.rj.gov.br\/site\/wp-json\/wp\/v2\/posts"}],"about":[{"href":"https:\/\/www.fazenda.niteroi.rj.gov.br\/site\/wp-json\/wp\/v2\/types\/post"}],"author":[{"embeddable":true,"href":"https:\/\/www.fazenda.niteroi.rj.gov.br\/site\/wp-json\/wp\/v2\/users\/38"}],"replies":[{"embeddable":true,"href":"https:\/\/www.fazenda.niteroi.rj.gov.br\/site\/wp-json\/wp\/v2\/comments?post=23185"}],"version-history":[{"count":1,"href":"https:\/\/www.fazenda.niteroi.rj.gov.br\/site\/wp-json\/wp\/v2\/posts\/23185\/revisions"}],"predecessor-version":[{"id":23189,"href":"https:\/\/www.fazenda.niteroi.rj.gov.br\/site\/wp-json\/wp\/v2\/posts\/23185\/revisions\/23189"}],"wp:featuredmedia":[{"embeddable":true,"href":"https:\/\/www.fazenda.niteroi.rj.gov.br\/site\/wp-json\/wp\/v2\/media\/23186"}],"wp:attachment":[{"href":"https:\/\/www.fazenda.niteroi.rj.gov.br\/site\/wp-json\/wp\/v2\/media?parent=23185"}],"wp:term":[{"taxonomy":"category","embeddable":true,"href":"https:\/\/www.fazenda.niteroi.rj.gov.br\/site\/wp-json\/wp\/v2\/categories?post=23185"},{"taxonomy":"post_tag","embeddable":true,"href":"https:\/\/www.fazenda.niteroi.rj.gov.br\/site\/wp-json\/wp\/v2\/tags?post=23185"}],"curies":[{"name":"wp","href":"https:\/\/api.w.org\/{rel}","templated":true}]}}