{"id":23191,"date":"2023-09-28T13:45:45","date_gmt":"2023-09-28T16:45:45","guid":{"rendered":"https:\/\/www.fazenda.niteroi.rj.gov.br\/site\/?p=23191"},"modified":"2023-11-09T13:48:22","modified_gmt":"2023-11-09T16:48:22","slug":"niteroi-tem-contas-aprovadas","status":"publish","type":"post","link":"https:\/\/www.fazenda.niteroi.rj.gov.br\/site\/niteroi-tem-contas-aprovadas\/","title":{"rendered":"Niter\u00f3i tem contas aprovadas!"},"content":{"rendered":"\n<p>Niter\u00f3i recebeu, nesta quarta-feira (27), o parecer favor\u00e1vel \u00e0 aprova\u00e7\u00e3o de suas contas relativas ao ano de 2022 por unanimidade pelo Tribunal de Contas do Estado do Rio de Janeiro!<\/p>\n\n\n\n<p>O TCE constatou que, em 2022, a Prefeitura de Niter\u00f3i apresentou super\u00e1vit or\u00e7ament\u00e1rio e financeiro cumprindo as obrigatoriedades constitucionais quanto aos repasses de recursos.<\/p>\n\n\n\n<p>Este resultado \u00e9 demonstrativo do trabalho desempenhado pelas equipes envolvidas no processo, reconhecemos e parabenizamos o trabalho executado, com excel\u00eancia, por toda a equipe da Subsecretaria de Contabilidade da Secretaria de Fazenda de Niter\u00f3i, liderada pela Contadora-Geral do Munic\u00edpio, Fernanda Rodrigues.<\/p>\n\n\n\n<p>Ressaltamos tamb\u00e9m a contribui\u00e7\u00e3o da Controladoria Geral do Munic\u00edpio (CGM), da Secretaria de Planejamento Or\u00e7amento e Moderniza\u00e7\u00e3o da Gest\u00e3o (SEPLAG), al\u00e9m de todos os demais servidores, da Prefeitura de Niter\u00f3i, que integram as redes de Controle, Contabilidade, Planejamento e Or\u00e7amento, para o alcance deste resultado exitoso.<\/p>\n","protected":false},"excerpt":{"rendered":"<p>Niter\u00f3i recebeu, nesta quarta-feira (27), o parecer favor\u00e1vel \u00e0 aprova\u00e7\u00e3o de suas contas relativas ao ano de 2022 por unanimidade pelo Tribunal de Contas do Estado do Rio de Janeiro! [&hellip;]<\/p>\n","protected":false},"author":38,"featured_media":23192,"comment_status":"closed","ping_status":"closed","sticky":false,"template":"","format":"standard","meta":{"_et_pb_use_builder":"","_et_pb_old_content":"","_et_gb_content_width":"","_usar_header_alternativo":false,"footnotes":""},"categories":[10],"tags":[],"class_list":["post-23191","post","type-post","status-publish","format-standard","has-post-thumbnail","hentry","category-noticias","et-has-post-format-content","et_post_format-et-post-format-standard"],"_links":{"self":[{"href":"https:\/\/www.fazenda.niteroi.rj.gov.br\/site\/wp-json\/wp\/v2\/posts\/23191","targetHints":{"allow":["GET"]}}],"collection":[{"href":"https:\/\/www.fazenda.niteroi.rj.gov.br\/site\/wp-json\/wp\/v2\/posts"}],"about":[{"href":"https:\/\/www.fazenda.niteroi.rj.gov.br\/site\/wp-json\/wp\/v2\/types\/post"}],"author":[{"embeddable":true,"href":"https:\/\/www.fazenda.niteroi.rj.gov.br\/site\/wp-json\/wp\/v2\/users\/38"}],"replies":[{"embeddable":true,"href":"https:\/\/www.fazenda.niteroi.rj.gov.br\/site\/wp-json\/wp\/v2\/comments?post=23191"}],"version-history":[{"count":1,"href":"https:\/\/www.fazenda.niteroi.rj.gov.br\/site\/wp-json\/wp\/v2\/posts\/23191\/revisions"}],"predecessor-version":[{"id":23193,"href":"https:\/\/www.fazenda.niteroi.rj.gov.br\/site\/wp-json\/wp\/v2\/posts\/23191\/revisions\/23193"}],"wp:featuredmedia":[{"embeddable":true,"href":"https:\/\/www.fazenda.niteroi.rj.gov.br\/site\/wp-json\/wp\/v2\/media\/23192"}],"wp:attachment":[{"href":"https:\/\/www.fazenda.niteroi.rj.gov.br\/site\/wp-json\/wp\/v2\/media?parent=23191"}],"wp:term":[{"taxonomy":"category","embeddable":true,"href":"https:\/\/www.fazenda.niteroi.rj.gov.br\/site\/wp-json\/wp\/v2\/categories?post=23191"},{"taxonomy":"post_tag","embeddable":true,"href":"https:\/\/www.fazenda.niteroi.rj.gov.br\/site\/wp-json\/wp\/v2\/tags?post=23191"}],"curies":[{"name":"wp","href":"https:\/\/api.w.org\/{rel}","templated":true}]}}