{"id":23195,"date":"2023-09-28T13:49:00","date_gmt":"2023-09-28T16:49:00","guid":{"rendered":"https:\/\/www.fazenda.niteroi.rj.gov.br\/site\/?p=23195"},"modified":"2023-11-09T15:13:10","modified_gmt":"2023-11-09T18:13:10","slug":"audiencia-publica-prestacao-de-contas","status":"publish","type":"post","link":"https:\/\/www.fazenda.niteroi.rj.gov.br\/site\/audiencia-publica-prestacao-de-contas\/","title":{"rendered":"Audi\u00eancia P\u00fablica &#8211; Presta\u00e7\u00e3o de Contas"},"content":{"rendered":"\n<p>Presta\u00e7\u00e3o de Contas | A C\u00e2mara de Vereadores de Niter\u00f3i realizou, na manh\u00e3 desta quinta-feira (28), audi\u00eancia de Presta\u00e7\u00e3o de Contas, em conformidade com a Lei de Responsabilidade Fiscal. Foram apresentados os resultados do RGF &#8211; 2\u00ba Quad\/RREO &#8211; 4\u00ba Bimestre de 2023.<\/p>\n\n\n\n<p>A solenidade foi dirigida pelo presidente da Comiss\u00e3o de Fiscaliza\u00e7\u00e3o Financeira, Controle e Or\u00e7amento, o vereador Fabiano Gon\u00e7alves e contou com a presen\u00e7a da Subsecret\u00e1ria de contabilidade e contadora Geral do Munic\u00edpio, Fernanda Rodrigues, e do Diretor de Contabilidade, Thiago Oliveira, para apresenta\u00e7\u00e3o da Presta\u00e7\u00e3o de Contas \u00e0 representantes da sociedade civil e demais vereadores e assessores presentes.<\/p>\n\n\n\n<p>Os resultados alcan\u00e7ados at\u00e9 aqui, indicam que Niter\u00f3i caminha para fechar 2023 em conformidade com as obrigatoriedades legais. Dos m\u00ednimos constitucionais de gastos anuais com sa\u00fade (15%) e educa\u00e7\u00e3o (25%), Niter\u00f3i aplicou at\u00e9 o 4\u00ba bimestre 13,83% e 24,81% da Receita L\u00edquida de Impostos, respectivamente.<\/p>\n\n\n\n<p>A arrecada\u00e7\u00e3o de receitas pr\u00f3prias alcan\u00e7ou 81,20% do previsto na Lei Or\u00e7ament\u00e1ria Anual (LOA). Os recursos transferidos do Estado e da Uni\u00e3o atingiram 68,34% do estimado no or\u00e7amento. As despesas de investimento foram 64% superior ao mesmo per\u00edodo de 2022.<\/p>\n\n\n\n<p>Vale destacar, ainda, que Niter\u00f3i \u00e9 um dos poucos munic\u00edpios brasileiros, em que o resultado nominal \u00e9 superior ao resultado prim\u00e1rio devido ao rendimento dos ativos financeiros do munic\u00edpio.<\/p>\n\n\n\n<p>A divulga\u00e7\u00e3o de informa\u00e7\u00f5es p\u00fablicas de forma transparente \u00e9 um direito democr\u00e1tico dos cidad\u00e3os para que possam acompanhar o seu governo e exercer o controle social.<\/p>\n\n\n\n<p>A Audi\u00eancia P\u00fablica foi transmitida ao vivo pela p\u00e1gina do Facebook da C\u00e2mara Municipal de Niter\u00f3i (https:\/\/www.facebook.com\/camaraniteroi).<\/p>\n\n\n\n<p>Todos os Relat\u00f3rios Fiscais est\u00e3o dispon\u00edveis \u00e0 popula\u00e7\u00e3o no portal da transpar\u00eancia do munic\u00edpio de Niter\u00f3i.<\/p>\n","protected":false},"excerpt":{"rendered":"<p>Presta\u00e7\u00e3o de Contas | A C\u00e2mara de Vereadores de Niter\u00f3i realizou, na manh\u00e3 desta quinta-feira (28), audi\u00eancia de Presta\u00e7\u00e3o de Contas, em conformidade com a Lei de Responsabilidade Fiscal. Foram [&hellip;]<\/p>\n","protected":false},"author":38,"featured_media":23196,"comment_status":"closed","ping_status":"closed","sticky":false,"template":"","format":"standard","meta":{"_et_pb_use_builder":"","_et_pb_old_content":"","_et_gb_content_width":"","_usar_header_alternativo":false,"footnotes":""},"categories":[10],"tags":[],"class_list":["post-23195","post","type-post","status-publish","format-standard","has-post-thumbnail","hentry","category-noticias","et-has-post-format-content","et_post_format-et-post-format-standard"],"_links":{"self":[{"href":"https:\/\/www.fazenda.niteroi.rj.gov.br\/site\/wp-json\/wp\/v2\/posts\/23195","targetHints":{"allow":["GET"]}}],"collection":[{"href":"https:\/\/www.fazenda.niteroi.rj.gov.br\/site\/wp-json\/wp\/v2\/posts"}],"about":[{"href":"https:\/\/www.fazenda.niteroi.rj.gov.br\/site\/wp-json\/wp\/v2\/types\/post"}],"author":[{"embeddable":true,"href":"https:\/\/www.fazenda.niteroi.rj.gov.br\/site\/wp-json\/wp\/v2\/users\/38"}],"replies":[{"embeddable":true,"href":"https:\/\/www.fazenda.niteroi.rj.gov.br\/site\/wp-json\/wp\/v2\/comments?post=23195"}],"version-history":[{"count":1,"href":"https:\/\/www.fazenda.niteroi.rj.gov.br\/site\/wp-json\/wp\/v2\/posts\/23195\/revisions"}],"predecessor-version":[{"id":23197,"href":"https:\/\/www.fazenda.niteroi.rj.gov.br\/site\/wp-json\/wp\/v2\/posts\/23195\/revisions\/23197"}],"wp:featuredmedia":[{"embeddable":true,"href":"https:\/\/www.fazenda.niteroi.rj.gov.br\/site\/wp-json\/wp\/v2\/media\/23196"}],"wp:attachment":[{"href":"https:\/\/www.fazenda.niteroi.rj.gov.br\/site\/wp-json\/wp\/v2\/media?parent=23195"}],"wp:term":[{"taxonomy":"category","embeddable":true,"href":"https:\/\/www.fazenda.niteroi.rj.gov.br\/site\/wp-json\/wp\/v2\/categories?post=23195"},{"taxonomy":"post_tag","embeddable":true,"href":"https:\/\/www.fazenda.niteroi.rj.gov.br\/site\/wp-json\/wp\/v2\/tags?post=23195"}],"curies":[{"name":"wp","href":"https:\/\/api.w.org\/{rel}","templated":true}]}}