{"id":23218,"date":"2023-10-06T15:10:00","date_gmt":"2023-10-06T18:10:00","guid":{"rendered":"https:\/\/www.fazenda.niteroi.rj.gov.br\/site\/?p=23218"},"modified":"2023-11-09T15:26:23","modified_gmt":"2023-11-09T18:26:23","slug":"forum-global-de-inovacao-e-tecnologia-em-sustentabilidade-2","status":"publish","type":"post","link":"https:\/\/www.fazenda.niteroi.rj.gov.br\/site\/forum-global-de-inovacao-e-tecnologia-em-sustentabilidade-2\/","title":{"rendered":"F\u00f3rum Global de Inova\u00e7\u00e3o e Tecnologia em Sustentabilidade"},"content":{"rendered":"\n<p>Participamos, nesta quinta-feira (05\/10), do F\u00f3rum Global de Inova\u00e7\u00e3o e Tecnologia em Sustentabilidade, realizado no Theatro Municipal de Niter\u00f3i, pela Secretaria Municipal do Clima, objetivando ser um ambiente de fomento \u00e0 inova\u00e7\u00e3o e \u00e0 tecnologia, com aten\u00e7\u00e3o ao desenvolvimento sustent\u00e1vel em suas tr\u00eas dimens\u00f5es: ambiental, econ\u00f4mica e social.<\/p>\n\n\n\n<p>O F\u00f3rum reuniu especialistas, gestores p\u00fablicos e representantes da sociedade civil, aquecendo o debate para a 28\u00aa Confer\u00eancia das Na\u00e7\u00f5es Unidas sobre Mudan\u00e7as Clim\u00e1ticas, a ser realizada em Dubai no fim do m\u00eas de novembro.<\/p>\n\n\n\n<p>O secret\u00e1rio de Fazenda em exerc\u00edcio, Heitor Moreira, esteve presente no debate, compondo o painel de Fomento com temas acerca do melhor uso dos royalties e a intercess\u00e3o com as transi\u00e7\u00f5es energ\u00e9ticos e mudan\u00e7as clim\u00e1ticas. Durante sua apresenta\u00e7\u00e3o, o secret\u00e1rio abordou o Fundo de Equaliza\u00e7\u00e3o das Receita de Niter\u00f3i, seus objetivos, aplica\u00e7\u00f5es e potencialidades, al\u00e9m de enfatizar a import\u00e2ncia da Rede Brasileira e Global de fundos soberanos que vem aprimorando os di\u00e1logos em prol desta rede.<\/p>\n\n\n\n<p>Ainda durante o evento, a Prefeitura de Niter\u00f3i, por meio da Secretaria Municipal do Clima e da Controladoria Geral do Munic\u00edpio, reconheceu o trabalho de 33 empresas com o Certificado de Boas Pr\u00e1ticas em Neutraliza\u00e7\u00e3o de Carbono. O prefeito Axel Grael, e a controladora do Munic\u00edpio, Cristiane Marcelino, entregaram pessoalmente os certificados as empresas contempladas.<\/p>\n\n\n\n<p>O F\u00f3rum se confirmou como um espa\u00e7o de di\u00e1logo, de avalia\u00e7\u00e3o de cen\u00e1rios e de constru\u00e7\u00e3o de rumos, com olhar para a crise clim\u00e1tica a partir de pol\u00edticas p\u00fablicas, do fomento, principalmente da transi\u00e7\u00e3o energ\u00e9tica e da mobilidade. Al\u00e9m do ODS 13, o f\u00f3rum vai promoveu debates de outros pontos importantes como as ODS 7 (Energia Limpa e Acess\u00edvel), 9 (Ind\u00fastria, Inova\u00e7\u00e3o e Infraestrutura), 11 (Cidades e Comunidades Sustent\u00e1veis) e 17 (Parcerias e Meios de Implementa\u00e7\u00e3o).<\/p>\n\n\n\n<p><\/p>\n\n\n\n<figure class=\"wp-block-gallery has-nested-images columns-default is-cropped wp-block-gallery-1 is-layout-flex wp-block-gallery-is-layout-flex\">\n<figure class=\"wp-block-image size-large\"><a href=\"https:\/\/www.fazenda.niteroi.rj.gov.br\/site\/wp-content\/uploads\/2023\/11\/2ea5feff-fffb-4222-bf30-f7612f447a43.png\"><img loading=\"lazy\" decoding=\"async\" width=\"600\" height=\"466\" data-id=\"23224\" src=\"https:\/\/www.fazenda.niteroi.rj.gov.br\/site\/wp-content\/uploads\/2023\/11\/2ea5feff-fffb-4222-bf30-f7612f447a43-600x466.png\" alt=\"\" class=\"wp-image-23224\" srcset=\"https:\/\/www.fazenda.niteroi.rj.gov.br\/site\/wp-content\/uploads\/2023\/11\/2ea5feff-fffb-4222-bf30-f7612f447a43-600x466.png 600w, https:\/\/www.fazenda.niteroi.rj.gov.br\/site\/wp-content\/uploads\/2023\/11\/2ea5feff-fffb-4222-bf30-f7612f447a43-387x300.png 387w, https:\/\/www.fazenda.niteroi.rj.gov.br\/site\/wp-content\/uploads\/2023\/11\/2ea5feff-fffb-4222-bf30-f7612f447a43-768x596.png 768w, https:\/\/www.fazenda.niteroi.rj.gov.br\/site\/wp-content\/uploads\/2023\/11\/2ea5feff-fffb-4222-bf30-f7612f447a43-1080x838.png 1080w, https:\/\/www.fazenda.niteroi.rj.gov.br\/site\/wp-content\/uploads\/2023\/11\/2ea5feff-fffb-4222-bf30-f7612f447a43.png 1170w\" sizes=\"auto, (max-width: 600px) 100vw, 600px\" \/><\/a><\/figure>\n\n\n\n<figure class=\"wp-block-image size-large\"><a href=\"https:\/\/www.fazenda.niteroi.rj.gov.br\/site\/wp-content\/uploads\/2023\/11\/52b4a46f-cc47-4d9c-9ca6-c9682321afba.png\"><img loading=\"lazy\" decoding=\"async\" width=\"600\" height=\"465\" data-id=\"23225\" src=\"https:\/\/www.fazenda.niteroi.rj.gov.br\/site\/wp-content\/uploads\/2023\/11\/52b4a46f-cc47-4d9c-9ca6-c9682321afba-600x465.png\" alt=\"\" class=\"wp-image-23225\" srcset=\"https:\/\/www.fazenda.niteroi.rj.gov.br\/site\/wp-content\/uploads\/2023\/11\/52b4a46f-cc47-4d9c-9ca6-c9682321afba-600x465.png 600w, https:\/\/www.fazenda.niteroi.rj.gov.br\/site\/wp-content\/uploads\/2023\/11\/52b4a46f-cc47-4d9c-9ca6-c9682321afba-387x300.png 387w, https:\/\/www.fazenda.niteroi.rj.gov.br\/site\/wp-content\/uploads\/2023\/11\/52b4a46f-cc47-4d9c-9ca6-c9682321afba-768x595.png 768w, https:\/\/www.fazenda.niteroi.rj.gov.br\/site\/wp-content\/uploads\/2023\/11\/52b4a46f-cc47-4d9c-9ca6-c9682321afba-1080x837.png 1080w, https:\/\/www.fazenda.niteroi.rj.gov.br\/site\/wp-content\/uploads\/2023\/11\/52b4a46f-cc47-4d9c-9ca6-c9682321afba.png 1170w\" sizes=\"auto, (max-width: 600px) 100vw, 600px\" \/><\/a><\/figure>\n<\/figure>\n","protected":false},"excerpt":{"rendered":"<p>Participamos, nesta quinta-feira (05\/10), do F\u00f3rum Global de Inova\u00e7\u00e3o e Tecnologia em Sustentabilidade, realizado no Theatro Municipal de Niter\u00f3i, pela Secretaria Municipal do Clima, objetivando ser um ambiente de fomento [&hellip;]<\/p>\n","protected":false},"author":38,"featured_media":23223,"comment_status":"closed","ping_status":"closed","sticky":false,"template":"","format":"standard","meta":{"_et_pb_use_builder":"","_et_pb_old_content":"","_et_gb_content_width":"","_usar_header_alternativo":false,"footnotes":""},"categories":[10],"tags":[],"class_list":["post-23218","post","type-post","status-publish","format-standard","has-post-thumbnail","hentry","category-noticias","et-has-post-format-content","et_post_format-et-post-format-standard"],"_links":{"self":[{"href":"https:\/\/www.fazenda.niteroi.rj.gov.br\/site\/wp-json\/wp\/v2\/posts\/23218","targetHints":{"allow":["GET"]}}],"collection":[{"href":"https:\/\/www.fazenda.niteroi.rj.gov.br\/site\/wp-json\/wp\/v2\/posts"}],"about":[{"href":"https:\/\/www.fazenda.niteroi.rj.gov.br\/site\/wp-json\/wp\/v2\/types\/post"}],"author":[{"embeddable":true,"href":"https:\/\/www.fazenda.niteroi.rj.gov.br\/site\/wp-json\/wp\/v2\/users\/38"}],"replies":[{"embeddable":true,"href":"https:\/\/www.fazenda.niteroi.rj.gov.br\/site\/wp-json\/wp\/v2\/comments?post=23218"}],"version-history":[{"count":1,"href":"https:\/\/www.fazenda.niteroi.rj.gov.br\/site\/wp-json\/wp\/v2\/posts\/23218\/revisions"}],"predecessor-version":[{"id":23226,"href":"https:\/\/www.fazenda.niteroi.rj.gov.br\/site\/wp-json\/wp\/v2\/posts\/23218\/revisions\/23226"}],"wp:featuredmedia":[{"embeddable":true,"href":"https:\/\/www.fazenda.niteroi.rj.gov.br\/site\/wp-json\/wp\/v2\/media\/23223"}],"wp:attachment":[{"href":"https:\/\/www.fazenda.niteroi.rj.gov.br\/site\/wp-json\/wp\/v2\/media?parent=23218"}],"wp:term":[{"taxonomy":"category","embeddable":true,"href":"https:\/\/www.fazenda.niteroi.rj.gov.br\/site\/wp-json\/wp\/v2\/categories?post=23218"},{"taxonomy":"post_tag","embeddable":true,"href":"https:\/\/www.fazenda.niteroi.rj.gov.br\/site\/wp-json\/wp\/v2\/tags?post=23218"}],"curies":[{"name":"wp","href":"https:\/\/api.w.org\/{rel}","templated":true}]}}