{"id":23248,"date":"2023-10-26T14:25:42","date_gmt":"2023-10-26T17:25:42","guid":{"rendered":"https:\/\/www.fazenda.niteroi.rj.gov.br\/site\/?p=23248"},"modified":"2023-11-13T14:33:54","modified_gmt":"2023-11-13T17:33:54","slug":"capacitacao-em-gestao-de-processos-digitais-gov-lab","status":"publish","type":"post","link":"https:\/\/www.fazenda.niteroi.rj.gov.br\/site\/capacitacao-em-gestao-de-processos-digitais-gov-lab\/","title":{"rendered":"Capacita\u00e7\u00e3o em Gest\u00e3o de Processos Digitais \u2013 Gov.Lab"},"content":{"rendered":"\n<p>Hoje (26\/10), aconteceu o encerramento da Capacita\u00e7\u00e3o em Gest\u00e3o de Processos Digitais \u2013 Gov.Lab, que teve in\u00edcio em 17\/07.<\/p>\n\n\n\n<p>O projeto capacitou 25 servidores em mapeamento e redesenho de processos pelo Gov.Lab, atrav\u00e9s do interlocutor Pedro Lemos, em 6 processos de \u00e1reas diversas da SMF. Os processos inseridos no cronograma da capacita\u00e7\u00e3o foram: Alvar\u00e1 de Eventos; Homologa\u00e7\u00e3o ISS Obras; Comunica\u00e7\u00e3o com contribuintes atrav\u00e9s do Domic\u00edlio Tribut\u00e1rio; Repasse para Indiretas; Pagamento de Presta\u00e7\u00e3o de Servi\u00e7os; e Aquisi\u00e7\u00e3o e Contrata\u00e7\u00e3o Interna. A inciativa visa aprimorar os servi\u00e7os e processos digitais, aumentando a produtividade das equipes, avan\u00e7ando nos resultados e reduzindo o tempo de implementa\u00e7\u00e3o dos processos.<\/p>\n\n\n\n<p>A expectativa \u00e9 replicar a metodologia de mapeamento e redesenho, desenvolver e internalizar as capacidades para gerir processos digitais em todas as equipes da SMF.<\/p>\n\n\n\n<p>Vamos em frente na busca por mais efici\u00eancia, qualidade e agilidade nos processos e aumento da produtividade! \ud83d\ude80<br><a href=\"https:\/\/www.instagram.com\/explore\/tags\/fazendaniter%C3%B3i\/\">#fazendaniter\u00f3i<\/a><a href=\"https:\/\/www.instagram.com\/explore\/tags\/transpar%C3%AAncia\/\">#transpar\u00eancia<\/a><a href=\"https:\/\/www.instagram.com\/explore\/tags\/gest%C3%A3ofiscal\/\">#gest\u00e3ofiscal<\/a><a href=\"https:\/\/www.instagram.com\/explore\/tags\/responsabilidadefiscal\/\">#responsabilidadefiscal<\/a><a href=\"https:\/\/www.instagram.com\/explore\/tags\/servi%C3%A7osmunicipais\/\">#servi\u00e7osmunicipais<\/a><a href=\"https:\/\/www.instagram.com\/explore\/tags\/redesenhodeprocessos\/\">#redesenhodeprocessos<\/a><a href=\"https:\/\/www.instagram.com\/explore\/tags\/processosdigitais\/\">#processosdigitais<\/a><\/p>\n\n\n\n<figure class=\"wp-block-image size-medium\"><a href=\"https:\/\/www.fazenda.niteroi.rj.gov.br\/site\/wp-content\/uploads\/2023\/11\/862f4433-dd73-402a-a242-32b98c904c9e.png\"><img loading=\"lazy\" decoding=\"async\" width=\"303\" height=\"300\" src=\"https:\/\/www.fazenda.niteroi.rj.gov.br\/site\/wp-content\/uploads\/2023\/11\/862f4433-dd73-402a-a242-32b98c904c9e-303x300.png\" alt=\"\" class=\"wp-image-23250\" srcset=\"https:\/\/www.fazenda.niteroi.rj.gov.br\/site\/wp-content\/uploads\/2023\/11\/862f4433-dd73-402a-a242-32b98c904c9e-303x300.png 303w, https:\/\/www.fazenda.niteroi.rj.gov.br\/site\/wp-content\/uploads\/2023\/11\/862f4433-dd73-402a-a242-32b98c904c9e-600x594.png 600w, https:\/\/www.fazenda.niteroi.rj.gov.br\/site\/wp-content\/uploads\/2023\/11\/862f4433-dd73-402a-a242-32b98c904c9e-150x150.png 150w, https:\/\/www.fazenda.niteroi.rj.gov.br\/site\/wp-content\/uploads\/2023\/11\/862f4433-dd73-402a-a242-32b98c904c9e-768x760.png 768w, https:\/\/www.fazenda.niteroi.rj.gov.br\/site\/wp-content\/uploads\/2023\/11\/862f4433-dd73-402a-a242-32b98c904c9e-1080x1069.png 1080w, https:\/\/www.fazenda.niteroi.rj.gov.br\/site\/wp-content\/uploads\/2023\/11\/862f4433-dd73-402a-a242-32b98c904c9e.png 1170w\" sizes=\"auto, (max-width: 303px) 100vw, 303px\" \/><\/a><\/figure>\n","protected":false},"excerpt":{"rendered":"<p>Hoje (26\/10), aconteceu o encerramento da Capacita\u00e7\u00e3o em Gest\u00e3o de Processos Digitais \u2013 Gov.Lab, que teve in\u00edcio em 17\/07. O projeto capacitou 25 servidores em mapeamento e redesenho de processos [&hellip;]<\/p>\n","protected":false},"author":38,"featured_media":23249,"comment_status":"closed","ping_status":"closed","sticky":false,"template":"","format":"standard","meta":{"_et_pb_use_builder":"","_et_pb_old_content":"","_et_gb_content_width":"","_usar_header_alternativo":false,"footnotes":""},"categories":[10],"tags":[],"class_list":["post-23248","post","type-post","status-publish","format-standard","has-post-thumbnail","hentry","category-noticias","et-has-post-format-content","et_post_format-et-post-format-standard"],"_links":{"self":[{"href":"https:\/\/www.fazenda.niteroi.rj.gov.br\/site\/wp-json\/wp\/v2\/posts\/23248","targetHints":{"allow":["GET"]}}],"collection":[{"href":"https:\/\/www.fazenda.niteroi.rj.gov.br\/site\/wp-json\/wp\/v2\/posts"}],"about":[{"href":"https:\/\/www.fazenda.niteroi.rj.gov.br\/site\/wp-json\/wp\/v2\/types\/post"}],"author":[{"embeddable":true,"href":"https:\/\/www.fazenda.niteroi.rj.gov.br\/site\/wp-json\/wp\/v2\/users\/38"}],"replies":[{"embeddable":true,"href":"https:\/\/www.fazenda.niteroi.rj.gov.br\/site\/wp-json\/wp\/v2\/comments?post=23248"}],"version-history":[{"count":2,"href":"https:\/\/www.fazenda.niteroi.rj.gov.br\/site\/wp-json\/wp\/v2\/posts\/23248\/revisions"}],"predecessor-version":[{"id":23253,"href":"https:\/\/www.fazenda.niteroi.rj.gov.br\/site\/wp-json\/wp\/v2\/posts\/23248\/revisions\/23253"}],"wp:featuredmedia":[{"embeddable":true,"href":"https:\/\/www.fazenda.niteroi.rj.gov.br\/site\/wp-json\/wp\/v2\/media\/23249"}],"wp:attachment":[{"href":"https:\/\/www.fazenda.niteroi.rj.gov.br\/site\/wp-json\/wp\/v2\/media?parent=23248"}],"wp:term":[{"taxonomy":"category","embeddable":true,"href":"https:\/\/www.fazenda.niteroi.rj.gov.br\/site\/wp-json\/wp\/v2\/categories?post=23248"},{"taxonomy":"post_tag","embeddable":true,"href":"https:\/\/www.fazenda.niteroi.rj.gov.br\/site\/wp-json\/wp\/v2\/tags?post=23248"}],"curies":[{"name":"wp","href":"https:\/\/api.w.org\/{rel}","templated":true}]}}