{"id":23254,"date":"2023-10-30T14:35:43","date_gmt":"2023-10-30T17:35:43","guid":{"rendered":"https:\/\/www.fazenda.niteroi.rj.gov.br\/site\/?p=23254"},"modified":"2023-11-13T14:38:59","modified_gmt":"2023-11-13T17:38:59","slug":"gestao-publica-e-equidade-racial","status":"publish","type":"post","link":"https:\/\/www.fazenda.niteroi.rj.gov.br\/site\/gestao-publica-e-equidade-racial\/","title":{"rendered":"Gest\u00e3o P\u00fablica e Equidade Racial"},"content":{"rendered":"\n<p>Neste fim de semana (entre os dias 27 e 29 de outubro) aconteceu na cidade Recife-PE a imers\u00e3o \u201cGest\u00e3o P\u00fablica e Equidade Racial\u201d, que fechou o Programa de Lideran\u00e7as Negras no Setor P\u00fablico do Vetor Brasil\u00a0e\u00a0Instituto Gesto.<\/p>\n\n\n\n<p>Na ocasi\u00e3o, estiveram reunidos os 100 selecionados de todo o Brasil para esta edi\u00e7\u00e3o do Programa e foram apresentados os projetos que eles desenvolveram ao longo dos 6 meses de curso para a promo\u00e7\u00e3o de equidade racial no setor p\u00fablico, incluindo o Projeto da assessora da ASPLAN, Ingrid Lucas, que representou a SMF no evento.<\/p>\n\n\n\n<p>Sobre o Ubuntu: O Programa busca contribuir para a forma\u00e7\u00e3o e desenvolvimento de profissionais negros e ind\u00edgenas que fazem parte da gest\u00e3o de times e querem fomentar pol\u00edticas de equidade racial na administra\u00e7\u00e3o p\u00fablica.<\/p>\n\n\n\n<figure class=\"wp-block-image size-medium\"><a href=\"https:\/\/www.fazenda.niteroi.rj.gov.br\/site\/wp-content\/uploads\/2023\/11\/7b7bf356-b0b0-4ff4-90df-240892a6bc63.png\"><img loading=\"lazy\" decoding=\"async\" width=\"253\" height=\"300\" src=\"https:\/\/www.fazenda.niteroi.rj.gov.br\/site\/wp-content\/uploads\/2023\/11\/7b7bf356-b0b0-4ff4-90df-240892a6bc63-253x300.png\" alt=\"\" class=\"wp-image-23256\" srcset=\"https:\/\/www.fazenda.niteroi.rj.gov.br\/site\/wp-content\/uploads\/2023\/11\/7b7bf356-b0b0-4ff4-90df-240892a6bc63-253x300.png 253w, https:\/\/www.fazenda.niteroi.rj.gov.br\/site\/wp-content\/uploads\/2023\/11\/7b7bf356-b0b0-4ff4-90df-240892a6bc63-506x600.png 506w, https:\/\/www.fazenda.niteroi.rj.gov.br\/site\/wp-content\/uploads\/2023\/11\/7b7bf356-b0b0-4ff4-90df-240892a6bc63-768x910.png 768w, https:\/\/www.fazenda.niteroi.rj.gov.br\/site\/wp-content\/uploads\/2023\/11\/7b7bf356-b0b0-4ff4-90df-240892a6bc63-1080x1280.png 1080w, https:\/\/www.fazenda.niteroi.rj.gov.br\/site\/wp-content\/uploads\/2023\/11\/7b7bf356-b0b0-4ff4-90df-240892a6bc63.png 1170w\" sizes=\"auto, (max-width: 253px) 100vw, 253px\" \/><\/a><\/figure>\n","protected":false},"excerpt":{"rendered":"<p>Neste fim de semana (entre os dias 27 e 29 de outubro) aconteceu na cidade Recife-PE a imers\u00e3o \u201cGest\u00e3o P\u00fablica e Equidade Racial\u201d, que fechou o Programa de Lideran\u00e7as Negras [&hellip;]<\/p>\n","protected":false},"author":38,"featured_media":23255,"comment_status":"closed","ping_status":"closed","sticky":false,"template":"","format":"standard","meta":{"_et_pb_use_builder":"","_et_pb_old_content":"","_et_gb_content_width":"","_usar_header_alternativo":false,"footnotes":""},"categories":[10],"tags":[],"class_list":["post-23254","post","type-post","status-publish","format-standard","has-post-thumbnail","hentry","category-noticias","et-has-post-format-content","et_post_format-et-post-format-standard"],"_links":{"self":[{"href":"https:\/\/www.fazenda.niteroi.rj.gov.br\/site\/wp-json\/wp\/v2\/posts\/23254","targetHints":{"allow":["GET"]}}],"collection":[{"href":"https:\/\/www.fazenda.niteroi.rj.gov.br\/site\/wp-json\/wp\/v2\/posts"}],"about":[{"href":"https:\/\/www.fazenda.niteroi.rj.gov.br\/site\/wp-json\/wp\/v2\/types\/post"}],"author":[{"embeddable":true,"href":"https:\/\/www.fazenda.niteroi.rj.gov.br\/site\/wp-json\/wp\/v2\/users\/38"}],"replies":[{"embeddable":true,"href":"https:\/\/www.fazenda.niteroi.rj.gov.br\/site\/wp-json\/wp\/v2\/comments?post=23254"}],"version-history":[{"count":1,"href":"https:\/\/www.fazenda.niteroi.rj.gov.br\/site\/wp-json\/wp\/v2\/posts\/23254\/revisions"}],"predecessor-version":[{"id":23257,"href":"https:\/\/www.fazenda.niteroi.rj.gov.br\/site\/wp-json\/wp\/v2\/posts\/23254\/revisions\/23257"}],"wp:featuredmedia":[{"embeddable":true,"href":"https:\/\/www.fazenda.niteroi.rj.gov.br\/site\/wp-json\/wp\/v2\/media\/23255"}],"wp:attachment":[{"href":"https:\/\/www.fazenda.niteroi.rj.gov.br\/site\/wp-json\/wp\/v2\/media?parent=23254"}],"wp:term":[{"taxonomy":"category","embeddable":true,"href":"https:\/\/www.fazenda.niteroi.rj.gov.br\/site\/wp-json\/wp\/v2\/categories?post=23254"},{"taxonomy":"post_tag","embeddable":true,"href":"https:\/\/www.fazenda.niteroi.rj.gov.br\/site\/wp-json\/wp\/v2\/tags?post=23254"}],"curies":[{"name":"wp","href":"https:\/\/api.w.org\/{rel}","templated":true}]}}