{"id":23265,"date":"2023-11-08T14:49:38","date_gmt":"2023-11-08T17:49:38","guid":{"rendered":"https:\/\/www.fazenda.niteroi.rj.gov.br\/site\/?p=23265"},"modified":"2023-11-13T14:59:17","modified_gmt":"2023-11-13T17:59:17","slug":"smf-recebe-o-selo-de-integridade-e-compliance-previne-niteroi","status":"publish","type":"post","link":"https:\/\/www.fazenda.niteroi.rj.gov.br\/site\/smf-recebe-o-selo-de-integridade-e-compliance-previne-niteroi\/","title":{"rendered":"SMF recebe o Selo de Integridade e Compliance &#8220;Previne Niter\u00f3i&#8221;"},"content":{"rendered":"\n<p>&nbsp;\u00c9 com grande alegria que a SMF recebe o Selo de Integridade e Compliance &#8220;Previne Niter\u00f3i&#8221; em reconhecimento ao compromisso e esfor\u00e7o cont\u00ednuos na busca por uma gest\u00e3o mais transparente, \u00e9tica e respons\u00e1vel.<\/p>\n\n\n\n<p>O selo \u201cPrevine Niter\u00f3i\u201d simboliza o resultado do trabalho incans\u00e1vel da SMF no cumprimento do Plano de Integridade, institu\u00eddo pela secret\u00e1ria Mar\u00edlia Ortiz, objetivando sistematizar as pol\u00edticas, instrumentos e \u00e1reas respons\u00e1veis pela integridade na institui\u00e7\u00e3o, assim como os seus principais riscos, medidas, \u00e1reas de aten\u00e7\u00e3o e os passos que a seguir na implementa\u00e7\u00e3o de seu Programa de Integridade.<\/p>\n\n\n\n<p>Na Secretaria de Fazenda, a atua\u00e7\u00e3o pela integridade e conformidade se apresenta como diretriz institucional, visando sempre o atendimento \u00e0 estrita legalidade dos processos e procedimentos, bem como nas rela\u00e7\u00f5es de enfrentamento e preven\u00e7\u00e3o \u00e0 corrup\u00e7\u00e3o. Um compromisso da gest\u00e3o do prefeito Axel Grael que perpassa todas as esferas da administra\u00e7\u00e3o municipal.<\/p>\n\n\n\n<p>Na Secretaria de Fazenda a atua\u00e7\u00e3o pela integridade e conformidade se apresenta n\u00e3o apenas como o atendimento a uma obrigatoriedade formal exigida pela Lei, mas como pilar estruturante da constru\u00e7\u00e3o da credibilidade do \u00f3rg\u00e3o junto aos servidores e \u00e0 sociedade, conforme o Planejamento Institucional Participativo elaborado no in\u00edcio de 2021.<\/p>\n\n\n\n<p> O \u201cPrevine Niter\u00f3i\u201d, tem o objetivo de intensificar e valorizar a cultura da integridade e do compliance na administra\u00e7\u00e3o p\u00fablica. Os esfor\u00e7os conjuntos posicionam Niter\u00f3i como refer\u00eancia em integridade em compara\u00e7\u00e3o a outros munic\u00edpios. Um m\u00e9rito compartilhado com \u00e0 Controladora Geral Cristiane Marcelino, e o Procurador Geral do Munic\u00edpio, Francisco Soares, e todos os demais colaboradores que atuam para fortalecer a rede de Controle e Transpar\u00eancia na Prefeitura.<\/p>\n\n\n\n<p>Parab\u00e9ns a todos os envolvidos por mais esse importante feito! \ud83d\udc4f<\/p>\n\n\n\n<p> Confira o Plano de Integridade da Fazenda: https:\/\/www.fazenda.niteroi.rj.gov.br\/site\/plano-de-integridade\/<\/p>\n","protected":false},"excerpt":{"rendered":"<p>&nbsp;\u00c9 com grande alegria que a SMF recebe o Selo de Integridade e Compliance &#8220;Previne Niter\u00f3i&#8221; em reconhecimento ao compromisso e esfor\u00e7o cont\u00ednuos na busca por uma gest\u00e3o mais transparente, [&hellip;]<\/p>\n","protected":false},"author":38,"featured_media":23266,"comment_status":"closed","ping_status":"closed","sticky":false,"template":"","format":"standard","meta":{"_et_pb_use_builder":"","_et_pb_old_content":"","_et_gb_content_width":"","_usar_header_alternativo":false,"footnotes":""},"categories":[10],"tags":[],"class_list":["post-23265","post","type-post","status-publish","format-standard","has-post-thumbnail","hentry","category-noticias","et-has-post-format-content","et_post_format-et-post-format-standard"],"_links":{"self":[{"href":"https:\/\/www.fazenda.niteroi.rj.gov.br\/site\/wp-json\/wp\/v2\/posts\/23265","targetHints":{"allow":["GET"]}}],"collection":[{"href":"https:\/\/www.fazenda.niteroi.rj.gov.br\/site\/wp-json\/wp\/v2\/posts"}],"about":[{"href":"https:\/\/www.fazenda.niteroi.rj.gov.br\/site\/wp-json\/wp\/v2\/types\/post"}],"author":[{"embeddable":true,"href":"https:\/\/www.fazenda.niteroi.rj.gov.br\/site\/wp-json\/wp\/v2\/users\/38"}],"replies":[{"embeddable":true,"href":"https:\/\/www.fazenda.niteroi.rj.gov.br\/site\/wp-json\/wp\/v2\/comments?post=23265"}],"version-history":[{"count":1,"href":"https:\/\/www.fazenda.niteroi.rj.gov.br\/site\/wp-json\/wp\/v2\/posts\/23265\/revisions"}],"predecessor-version":[{"id":23267,"href":"https:\/\/www.fazenda.niteroi.rj.gov.br\/site\/wp-json\/wp\/v2\/posts\/23265\/revisions\/23267"}],"wp:featuredmedia":[{"embeddable":true,"href":"https:\/\/www.fazenda.niteroi.rj.gov.br\/site\/wp-json\/wp\/v2\/media\/23266"}],"wp:attachment":[{"href":"https:\/\/www.fazenda.niteroi.rj.gov.br\/site\/wp-json\/wp\/v2\/media?parent=23265"}],"wp:term":[{"taxonomy":"category","embeddable":true,"href":"https:\/\/www.fazenda.niteroi.rj.gov.br\/site\/wp-json\/wp\/v2\/categories?post=23265"},{"taxonomy":"post_tag","embeddable":true,"href":"https:\/\/www.fazenda.niteroi.rj.gov.br\/site\/wp-json\/wp\/v2\/tags?post=23265"}],"curies":[{"name":"wp","href":"https:\/\/api.w.org\/{rel}","templated":true}]}}