{"id":23283,"date":"2023-11-14T15:26:59","date_gmt":"2023-11-14T18:26:59","guid":{"rendered":"https:\/\/www.fazenda.niteroi.rj.gov.br\/site\/?p=23283"},"modified":"2023-11-14T15:27:25","modified_gmt":"2023-11-14T18:27:25","slug":"pauta-de-julgamento-para-o-dia-16-de-novembro-de-2023-2","status":"publish","type":"post","link":"https:\/\/www.fazenda.niteroi.rj.gov.br\/site\/pauta-de-julgamento-para-o-dia-16-de-novembro-de-2023-2\/","title":{"rendered":"Pauta de Julgamento para o dia 16 de novembro de 2023"},"content":{"rendered":"\n<p><strong>PREFEITURA MUNICIPAL DE NITER\u00d3I<\/strong><\/p>\n\n\n\n<p><strong><u>CONSELHO DE CONTRIBUINTES DO MUNIC\u00cdPIO DE NITER\u00d3I \u2013 CC<\/u><\/strong><\/p>\n\n\n\n<p><strong>REUNI\u00c3O PARA JULGAMENTOS DE RECURSOS, A SER REALIZADA NO <u>DIA 16 DE NOVEMBRO DE 2023<\/u>, COM <u>IN\u00cdCIO \u00c0S 10:00.<\/u><\/strong><\/p>\n\n\n\n<p><strong><u>Pauta de Julgamentos<\/u><\/strong><\/p>\n\n\n\n<p><strong>(Art. 15, \u00a7 3\u00ba, da Lei n\u00ba 2.228\/2005 e Art. 76 do Decreto n\u00ba 9.735\/2005 e Art. 4\u00ba da Resolu\u00e7\u00e3o n\u00ba 01\/2020 do Conselho de Contribuintes do Munic\u00edpio de Niter\u00f3i)<\/strong><\/p>\n\n\n\n<p><strong><u>1.464\u00aa Sess\u00e3o Ordin\u00e1ria:<\/u><\/strong><\/p>\n\n\n\n<ol class=\"wp-block-list\">\n<li><strong><\/strong><strong>PROCESSO: 030\/015851\/2020<\/strong><\/li>\n<\/ol>\n\n\n\n<p>           RECORRENTE: MYRIAN LIMA PEREIRA NUNES<\/p>\n\n\n\n<p>           RECORRIDO: FAZENDA P\u00daBLICA MUNICIPAL<\/p>\n\n\n\n<p>           REP. DA FAZENDA: ANDR\u00c9 LU\u00cdS CARDOSO PIRES<\/p>\n\n\n\n<p>           RELATORA: PATR\u00cdCIA PORTO REBEL GUIMAR\u00c3ES<\/p>\n\n\n\n<p>           REVISOR: F\u00c1BIO DORIGO<\/p>\n\n\n\n<p>      2. <strong>PROCESSO: 030\/030718\/2019<\/strong><\/p>\n\n\n\n<p>          RECORRENTE: ENAVI REPAROS NAVAIS LTDA.<\/p>\n\n\n\n<p>          RECORRIDO: FAZENDA P\u00daBLICA MUNICIPAL<\/p>\n\n\n\n<p>          REP. DA FAZENDA: MARIA ELISA VIDAL BERNARDO<\/p>\n\n\n\n<p>          RELATOR: ERMANO TORRES SANTIAGO<\/p>\n\n\n\n<p>      3. <strong>PROCESSO: 030\/011114\/2021<\/strong><\/p>\n\n\n\n<p>          RECORRENTE: MARCELLO PIGNATORO DE AZEVEDO<\/p>\n\n\n\n<p>          RECORRIDO: FAZENDA P\u00daBLICA MUNICIPAL<\/p>\n\n\n\n<p>          REP. DA FAZENDA: MARIA ELISA VIDAL BERNARDO<\/p>\n\n\n\n<p>          RELATOR: RODRIGO FULGONI BRANCO<\/p>\n\n\n\n<p>      4. <strong>PROCESSO: 030\/019063\/2021<\/strong><\/p>\n\n\n\n<p>          RECORRENTE: FAZENDA P\u00daBLICA MUNICIPAL<\/p>\n\n\n\n<p>          RECORRIDO: MARIA CRISTINA DOS SANTOS PEIXOTO<\/p>\n\n\n\n<p>          REP. DA FAZENDA: MARIA ELISA VIDAL BERNARDO<\/p>\n\n\n\n<p>          RELATOR: FELIPE VALLE DE ALBUQUERQUE MAGALH\u00c3ES<\/p>\n\n\n\n<p>CC em 14 de novembro de 2023<\/p>\n","protected":false},"excerpt":{"rendered":"<p>PREFEITURA MUNICIPAL DE NITER\u00d3I CONSELHO DE CONTRIBUINTES DO MUNIC\u00cdPIO DE NITER\u00d3I \u2013 CC REUNI\u00c3O PARA JULGAMENTOS DE RECURSOS, A SER REALIZADA NO DIA 16 DE NOVEMBRO DE 2023, COM IN\u00cdCIO [&hellip;]<\/p>\n","protected":false},"author":42,"featured_media":0,"comment_status":"closed","ping_status":"closed","sticky":false,"template":"","format":"standard","meta":{"_et_pb_use_builder":"","_et_pb_old_content":"","_et_gb_content_width":"","_usar_header_alternativo":false,"footnotes":""},"categories":[126,132],"tags":[],"class_list":["post-23283","post","type-post","status-publish","format-standard","hentry","category-ccn","category-pautas","et-doesnt-have-format-content","et_post_format-et-post-format-standard"],"_links":{"self":[{"href":"https:\/\/www.fazenda.niteroi.rj.gov.br\/site\/wp-json\/wp\/v2\/posts\/23283","targetHints":{"allow":["GET"]}}],"collection":[{"href":"https:\/\/www.fazenda.niteroi.rj.gov.br\/site\/wp-json\/wp\/v2\/posts"}],"about":[{"href":"https:\/\/www.fazenda.niteroi.rj.gov.br\/site\/wp-json\/wp\/v2\/types\/post"}],"author":[{"embeddable":true,"href":"https:\/\/www.fazenda.niteroi.rj.gov.br\/site\/wp-json\/wp\/v2\/users\/42"}],"replies":[{"embeddable":true,"href":"https:\/\/www.fazenda.niteroi.rj.gov.br\/site\/wp-json\/wp\/v2\/comments?post=23283"}],"version-history":[{"count":1,"href":"https:\/\/www.fazenda.niteroi.rj.gov.br\/site\/wp-json\/wp\/v2\/posts\/23283\/revisions"}],"predecessor-version":[{"id":23284,"href":"https:\/\/www.fazenda.niteroi.rj.gov.br\/site\/wp-json\/wp\/v2\/posts\/23283\/revisions\/23284"}],"wp:attachment":[{"href":"https:\/\/www.fazenda.niteroi.rj.gov.br\/site\/wp-json\/wp\/v2\/media?parent=23283"}],"wp:term":[{"taxonomy":"category","embeddable":true,"href":"https:\/\/www.fazenda.niteroi.rj.gov.br\/site\/wp-json\/wp\/v2\/categories?post=23283"},{"taxonomy":"post_tag","embeddable":true,"href":"https:\/\/www.fazenda.niteroi.rj.gov.br\/site\/wp-json\/wp\/v2\/tags?post=23283"}],"curies":[{"name":"wp","href":"https:\/\/api.w.org\/{rel}","templated":true}]}}