{"id":23325,"date":"2023-11-17T14:24:39","date_gmt":"2023-11-17T17:24:39","guid":{"rendered":"https:\/\/www.fazenda.niteroi.rj.gov.br\/site\/?p=23325"},"modified":"2023-11-17T14:25:16","modified_gmt":"2023-11-17T17:25:16","slug":"agenda-17-11-2023-sexta-feira","status":"publish","type":"post","link":"https:\/\/www.fazenda.niteroi.rj.gov.br\/site\/agenda-17-11-2023-sexta-feira\/","title":{"rendered":"Agenda 17\/11\/2023 &#8211; Sexta Feira"},"content":{"rendered":"\n<p>11h00 &#8211; Cerim\u00f4nia de Inaugura\u00e7\u00e3o do Posto de Atendimento do INSS da Regi\u00e3o Oce\u00e2nica<\/p>\n\n\n\n<p>Local: Audit\u00f3rio da E. M. Portugal Neves<\/p>\n\n\n\n<p>13h45 &#8211; Despacho Interno<\/p>\n\n\n\n<p>Local: SMF<\/p>\n\n\n\n<p>16h00 &#8211; Reuni\u00e3o com o Prefeito<\/p>\n\n\n\n<p>Pauta: PL<\/p>\n\n\n\n<p>Local: Gabinete<\/p>\n","protected":false},"excerpt":{"rendered":"<p>11h00 &#8211; Cerim\u00f4nia de Inaugura\u00e7\u00e3o do Posto de Atendimento do INSS da Regi\u00e3o Oce\u00e2nica Local: Audit\u00f3rio da E. M. Portugal Neves 13h45 &#8211; Despacho Interno Local: SMF 16h00 &#8211; Reuni\u00e3o [&hellip;]<\/p>\n","protected":false},"author":38,"featured_media":0,"comment_status":"closed","ping_status":"closed","sticky":false,"template":"","format":"standard","meta":{"_et_pb_use_builder":"","_et_pb_old_content":"","_et_gb_content_width":"","_usar_header_alternativo":false,"footnotes":""},"categories":[394],"tags":[397,452],"class_list":["post-23325","post","type-post","status-publish","format-standard","hentry","category-agenda","tag-agenda-da-secretaria","tag-transparencia","et-doesnt-have-format-content","et_post_format-et-post-format-standard"],"_links":{"self":[{"href":"https:\/\/www.fazenda.niteroi.rj.gov.br\/site\/wp-json\/wp\/v2\/posts\/23325","targetHints":{"allow":["GET"]}}],"collection":[{"href":"https:\/\/www.fazenda.niteroi.rj.gov.br\/site\/wp-json\/wp\/v2\/posts"}],"about":[{"href":"https:\/\/www.fazenda.niteroi.rj.gov.br\/site\/wp-json\/wp\/v2\/types\/post"}],"author":[{"embeddable":true,"href":"https:\/\/www.fazenda.niteroi.rj.gov.br\/site\/wp-json\/wp\/v2\/users\/38"}],"replies":[{"embeddable":true,"href":"https:\/\/www.fazenda.niteroi.rj.gov.br\/site\/wp-json\/wp\/v2\/comments?post=23325"}],"version-history":[{"count":1,"href":"https:\/\/www.fazenda.niteroi.rj.gov.br\/site\/wp-json\/wp\/v2\/posts\/23325\/revisions"}],"predecessor-version":[{"id":23326,"href":"https:\/\/www.fazenda.niteroi.rj.gov.br\/site\/wp-json\/wp\/v2\/posts\/23325\/revisions\/23326"}],"wp:attachment":[{"href":"https:\/\/www.fazenda.niteroi.rj.gov.br\/site\/wp-json\/wp\/v2\/media?parent=23325"}],"wp:term":[{"taxonomy":"category","embeddable":true,"href":"https:\/\/www.fazenda.niteroi.rj.gov.br\/site\/wp-json\/wp\/v2\/categories?post=23325"},{"taxonomy":"post_tag","embeddable":true,"href":"https:\/\/www.fazenda.niteroi.rj.gov.br\/site\/wp-json\/wp\/v2\/tags?post=23325"}],"curies":[{"name":"wp","href":"https:\/\/api.w.org\/{rel}","templated":true}]}}