{"id":23336,"date":"2023-11-17T10:23:59","date_gmt":"2023-11-17T13:23:59","guid":{"rendered":"https:\/\/www.fazenda.niteroi.rj.gov.br\/site\/?p=23336"},"modified":"2023-11-21T10:26:47","modified_gmt":"2023-11-21T13:26:47","slug":"novembro-azul","status":"publish","type":"post","link":"https:\/\/www.fazenda.niteroi.rj.gov.br\/site\/novembro-azul\/","title":{"rendered":"Novembro Azul"},"content":{"rendered":"\n<p>Em novembro, a SMF veste azul para ressaltar a import\u00e2ncia do compromisso com a conscientiza\u00e7\u00e3o e preven\u00e7\u00e3o do c\u00e2ncer de pr\u00f3stata. Mais do que uma campanha, o Novembro Azul \u00e9 um convite \u00e0 reflex\u00e3o sobre o cuidado que devemos dedicar \u00e0 nossa sa\u00fade, um chamado para uma aten\u00e7\u00e3o constante e di\u00e1ria.<\/p>\n\n\n\n<p> A preven\u00e7\u00e3o deve ser um compromisso cotidiano. Manter uma rotina consistente de cuidados, fazer exames de rotina e cultivar uma aten\u00e7\u00e3o dedicada aos sinais do nosso corpo s\u00e3o passos fundamentais rumo a uma vida mais saud\u00e1vel.<\/p>\n\n\n\n<p>\u00c9 importante enfatizar que essa conscientiza\u00e7\u00e3o n\u00e3o deve ser limitada ao m\u00eas de novembro, deve ressoar durante todo o ano. Estimulando di\u00e1logos abertos sobre o tema, incentivando a preven\u00e7\u00e3o e bem-estar no dia a dia. Devemos cuidar da nossa sa\u00fade todos os dias!<\/p>\n","protected":false},"excerpt":{"rendered":"<p>Em novembro, a SMF veste azul para ressaltar a import\u00e2ncia do compromisso com a conscientiza\u00e7\u00e3o e preven\u00e7\u00e3o do c\u00e2ncer de pr\u00f3stata. Mais do que uma campanha, o Novembro Azul \u00e9 [&hellip;]<\/p>\n","protected":false},"author":38,"featured_media":23337,"comment_status":"closed","ping_status":"closed","sticky":false,"template":"","format":"standard","meta":{"_et_pb_use_builder":"","_et_pb_old_content":"","_et_gb_content_width":"","_usar_header_alternativo":false,"footnotes":""},"categories":[10],"tags":[],"class_list":["post-23336","post","type-post","status-publish","format-standard","has-post-thumbnail","hentry","category-noticias","et-has-post-format-content","et_post_format-et-post-format-standard"],"_links":{"self":[{"href":"https:\/\/www.fazenda.niteroi.rj.gov.br\/site\/wp-json\/wp\/v2\/posts\/23336","targetHints":{"allow":["GET"]}}],"collection":[{"href":"https:\/\/www.fazenda.niteroi.rj.gov.br\/site\/wp-json\/wp\/v2\/posts"}],"about":[{"href":"https:\/\/www.fazenda.niteroi.rj.gov.br\/site\/wp-json\/wp\/v2\/types\/post"}],"author":[{"embeddable":true,"href":"https:\/\/www.fazenda.niteroi.rj.gov.br\/site\/wp-json\/wp\/v2\/users\/38"}],"replies":[{"embeddable":true,"href":"https:\/\/www.fazenda.niteroi.rj.gov.br\/site\/wp-json\/wp\/v2\/comments?post=23336"}],"version-history":[{"count":1,"href":"https:\/\/www.fazenda.niteroi.rj.gov.br\/site\/wp-json\/wp\/v2\/posts\/23336\/revisions"}],"predecessor-version":[{"id":23338,"href":"https:\/\/www.fazenda.niteroi.rj.gov.br\/site\/wp-json\/wp\/v2\/posts\/23336\/revisions\/23338"}],"wp:featuredmedia":[{"embeddable":true,"href":"https:\/\/www.fazenda.niteroi.rj.gov.br\/site\/wp-json\/wp\/v2\/media\/23337"}],"wp:attachment":[{"href":"https:\/\/www.fazenda.niteroi.rj.gov.br\/site\/wp-json\/wp\/v2\/media?parent=23336"}],"wp:term":[{"taxonomy":"category","embeddable":true,"href":"https:\/\/www.fazenda.niteroi.rj.gov.br\/site\/wp-json\/wp\/v2\/categories?post=23336"},{"taxonomy":"post_tag","embeddable":true,"href":"https:\/\/www.fazenda.niteroi.rj.gov.br\/site\/wp-json\/wp\/v2\/tags?post=23336"}],"curies":[{"name":"wp","href":"https:\/\/api.w.org\/{rel}","templated":true}]}}