{"id":23420,"date":"2023-11-28T11:20:59","date_gmt":"2023-11-28T14:20:59","guid":{"rendered":"https:\/\/www.fazenda.niteroi.rj.gov.br\/site\/?p=23420"},"modified":"2023-11-28T11:21:41","modified_gmt":"2023-11-28T14:21:41","slug":"inscricoes-prorrogadas","status":"publish","type":"post","link":"https:\/\/www.fazenda.niteroi.rj.gov.br\/site\/inscricoes-prorrogadas\/","title":{"rendered":"INSCRI\u00c7\u00d5ES PRORROGADAS!"},"content":{"rendered":"\n<p>\u2757ATEN\u00c7\u00c3O: INCRI\u00c7\u00d5ES PRORROGADAS\u2757<\/p>\n\n\n\n<p>\ud83d\udce2 Prazo PRORROGADO para as inscri\u00e7\u00f5es no Concurso P\u00fablico de Contador na Secretaria Municipal de Fazenda. Agora voc\u00ea tem at\u00e9 01 de dezembro \u00e0s 12h para se inscrever!<\/p>\n\n\n\n<p>Lembrando que para concorrer \u00e9 preciso ter n\u00edvel superior em Ci\u00eancias Cont\u00e1beis, com registro ativo no Conselho Regional de Contabilidade (CRC). Ser\u00e3o disponibilizadas 13 vagas. O sal\u00e1rio base inicial ser\u00e1 de R$5.500,00.<\/p>\n\n\n\n<p>\u26a0 Importante: Para garantir a sua participa\u00e7\u00e3o, n\u00e3o se esque\u00e7a de pagar a taxa no valor de R$155,00 atrav\u00e9s da Guia de Recolhimento Municipal, dispon\u00edvel em: http:\/\/grm.fazenda.niteroi.rj.gov.br\/.<br>\u27a1 O passo a passo de como efetuar o pagamento e gerar sua Guia, voc\u00ea encontra aqui no nosso perfil, em: https:\/\/www.instagram.com\/p\/CzbQS0WN6nO\/.<\/p>\n\n\n\n<p>\ud83d\udcc6 As provas acontecer\u00e3o no dia 17 de dezembro de 2023 e os candidatos aprovados ser\u00e3o convocados para a realiza\u00e7\u00e3o do curso de forma\u00e7\u00e3o. O certame ser\u00e1 elaborado pela COSEAC &#8211; Universidade Federal Fluminense.<\/p>\n\n\n\n<p>O concurso ser\u00e1 realizado em tr\u00eas etapas: provas objetivas e discursivas de car\u00e1ter eliminat\u00f3rias e classificat\u00f3rias; sindic\u00e2ncia de vida pregressa de car\u00e1ter eliminat\u00f3rio e curso de forma\u00e7\u00e3o profissional de car\u00e1ter eliminat\u00f3rio e classificat\u00f3rio.<\/p>\n\n\n\n<p>\u270d\ud83c\udffd O edital completo est\u00e1 dispon\u00edvel no site http:\/\/portal.coseac.uff.br\/pmnsmf2023<\/p>\n\n\n\n<p>\u2714 Datas importantes do edital:<br>Inscri\u00e7\u00f5es: at\u00e9 01 de dezembro at\u00e9 \u00e0s 12h00<br>Pagamento de taxa: at\u00e9 01 de dezembro at\u00e9 \u00e0s 23h59<br>Prova: 17 de dezembro<\/p>\n\n\n\n<p>Se voc\u00ea ainda n\u00e3o se inscreveu ou n\u00e3o quitou sua taxa, n\u00e3o perca tempo. Corra e garanta sua participa\u00e7\u00e3o!!! \u23f0<\/p>\n","protected":false},"excerpt":{"rendered":"<p>\u2757ATEN\u00c7\u00c3O: INCRI\u00c7\u00d5ES PRORROGADAS\u2757 \ud83d\udce2 Prazo PRORROGADO para as inscri\u00e7\u00f5es no Concurso P\u00fablico de Contador na Secretaria Municipal de Fazenda. Agora voc\u00ea tem at\u00e9 01 de dezembro \u00e0s 12h para se [&hellip;]<\/p>\n","protected":false},"author":38,"featured_media":23421,"comment_status":"closed","ping_status":"closed","sticky":false,"template":"","format":"standard","meta":{"_et_pb_use_builder":"","_et_pb_old_content":"","_et_gb_content_width":"","_usar_header_alternativo":false,"footnotes":""},"categories":[10],"tags":[],"class_list":["post-23420","post","type-post","status-publish","format-standard","has-post-thumbnail","hentry","category-noticias","et-has-post-format-content","et_post_format-et-post-format-standard"],"_links":{"self":[{"href":"https:\/\/www.fazenda.niteroi.rj.gov.br\/site\/wp-json\/wp\/v2\/posts\/23420","targetHints":{"allow":["GET"]}}],"collection":[{"href":"https:\/\/www.fazenda.niteroi.rj.gov.br\/site\/wp-json\/wp\/v2\/posts"}],"about":[{"href":"https:\/\/www.fazenda.niteroi.rj.gov.br\/site\/wp-json\/wp\/v2\/types\/post"}],"author":[{"embeddable":true,"href":"https:\/\/www.fazenda.niteroi.rj.gov.br\/site\/wp-json\/wp\/v2\/users\/38"}],"replies":[{"embeddable":true,"href":"https:\/\/www.fazenda.niteroi.rj.gov.br\/site\/wp-json\/wp\/v2\/comments?post=23420"}],"version-history":[{"count":1,"href":"https:\/\/www.fazenda.niteroi.rj.gov.br\/site\/wp-json\/wp\/v2\/posts\/23420\/revisions"}],"predecessor-version":[{"id":23422,"href":"https:\/\/www.fazenda.niteroi.rj.gov.br\/site\/wp-json\/wp\/v2\/posts\/23420\/revisions\/23422"}],"wp:featuredmedia":[{"embeddable":true,"href":"https:\/\/www.fazenda.niteroi.rj.gov.br\/site\/wp-json\/wp\/v2\/media\/23421"}],"wp:attachment":[{"href":"https:\/\/www.fazenda.niteroi.rj.gov.br\/site\/wp-json\/wp\/v2\/media?parent=23420"}],"wp:term":[{"taxonomy":"category","embeddable":true,"href":"https:\/\/www.fazenda.niteroi.rj.gov.br\/site\/wp-json\/wp\/v2\/categories?post=23420"},{"taxonomy":"post_tag","embeddable":true,"href":"https:\/\/www.fazenda.niteroi.rj.gov.br\/site\/wp-json\/wp\/v2\/tags?post=23420"}],"curies":[{"name":"wp","href":"https:\/\/api.w.org\/{rel}","templated":true}]}}