{"id":23573,"date":"2023-12-14T10:34:29","date_gmt":"2023-12-14T13:34:29","guid":{"rendered":"https:\/\/www.fazenda.niteroi.rj.gov.br\/site\/?p=23573"},"modified":"2023-12-15T10:36:36","modified_gmt":"2023-12-15T13:36:36","slug":"agenda-14-12-2023-quinta-feira","status":"publish","type":"post","link":"https:\/\/www.fazenda.niteroi.rj.gov.br\/site\/agenda-14-12-2023-quinta-feira\/","title":{"rendered":"Agenda 14\/12\/2023 &#8211; Quinta Feira"},"content":{"rendered":"\n<p>11h00 &#8211; Inaugura\u00e7\u00e3o do Novo do Novo Instituto de Arte e Comunica\u00e7\u00e3o Social (UFF)<\/p>\n\n\n\n<p>Local: Campos do Gragoat\u00e1<\/p>\n\n\n\n<p>17h00 &#8211; Cerim\u00f4nia de Lan\u00e7amento da 2\u00aa etapa do Programa de Certifica\u00e7\u00e3o &#8220;Carbono Zero&#8221;<\/p>\n\n\n\n<p>Local: Audit\u00f3rio do Caminho Niemeyer <\/p>\n","protected":false},"excerpt":{"rendered":"<p>11h00 &#8211; Inaugura\u00e7\u00e3o do Novo do Novo Instituto de Arte e Comunica\u00e7\u00e3o Social (UFF) Local: Campos do Gragoat\u00e1 17h00 &#8211; Cerim\u00f4nia de Lan\u00e7amento da 2\u00aa etapa do Programa de Certifica\u00e7\u00e3o [&hellip;]<\/p>\n","protected":false},"author":38,"featured_media":0,"comment_status":"closed","ping_status":"closed","sticky":false,"template":"","format":"standard","meta":{"_et_pb_use_builder":"","_et_pb_old_content":"","_et_gb_content_width":"","_usar_header_alternativo":false,"footnotes":""},"categories":[394],"tags":[397,452],"class_list":["post-23573","post","type-post","status-publish","format-standard","hentry","category-agenda","tag-agenda-da-secretaria","tag-transparencia","et-doesnt-have-format-content","et_post_format-et-post-format-standard"],"_links":{"self":[{"href":"https:\/\/www.fazenda.niteroi.rj.gov.br\/site\/wp-json\/wp\/v2\/posts\/23573","targetHints":{"allow":["GET"]}}],"collection":[{"href":"https:\/\/www.fazenda.niteroi.rj.gov.br\/site\/wp-json\/wp\/v2\/posts"}],"about":[{"href":"https:\/\/www.fazenda.niteroi.rj.gov.br\/site\/wp-json\/wp\/v2\/types\/post"}],"author":[{"embeddable":true,"href":"https:\/\/www.fazenda.niteroi.rj.gov.br\/site\/wp-json\/wp\/v2\/users\/38"}],"replies":[{"embeddable":true,"href":"https:\/\/www.fazenda.niteroi.rj.gov.br\/site\/wp-json\/wp\/v2\/comments?post=23573"}],"version-history":[{"count":1,"href":"https:\/\/www.fazenda.niteroi.rj.gov.br\/site\/wp-json\/wp\/v2\/posts\/23573\/revisions"}],"predecessor-version":[{"id":23574,"href":"https:\/\/www.fazenda.niteroi.rj.gov.br\/site\/wp-json\/wp\/v2\/posts\/23573\/revisions\/23574"}],"wp:attachment":[{"href":"https:\/\/www.fazenda.niteroi.rj.gov.br\/site\/wp-json\/wp\/v2\/media?parent=23573"}],"wp:term":[{"taxonomy":"category","embeddable":true,"href":"https:\/\/www.fazenda.niteroi.rj.gov.br\/site\/wp-json\/wp\/v2\/categories?post=23573"},{"taxonomy":"post_tag","embeddable":true,"href":"https:\/\/www.fazenda.niteroi.rj.gov.br\/site\/wp-json\/wp\/v2\/tags?post=23573"}],"curies":[{"name":"wp","href":"https:\/\/api.w.org\/{rel}","templated":true}]}}