{"id":24015,"date":"2024-01-23T13:53:17","date_gmt":"2024-01-23T16:53:17","guid":{"rendered":"https:\/\/www.fazenda.niteroi.rj.gov.br\/site\/?p=24015"},"modified":"2024-01-23T13:53:36","modified_gmt":"2024-01-23T16:53:36","slug":"smfexplica","status":"publish","type":"post","link":"https:\/\/www.fazenda.niteroi.rj.gov.br\/site\/smfexplica\/","title":{"rendered":"#SMFEXPLICA"},"content":{"rendered":"\n<p>Voc\u00ea sabia que a sua d\u00edvida do IPTU pode ser parcelada?<\/p>\n\n\n\n<p>Dependendo do valor da d\u00edvida, \u00e9 poss\u00edvel realizar o parcelamento dos d\u00e9bitos em at\u00e9 84 presta\u00e7\u00f5es!<\/p>\n\n\n\n<p>Para ficar em dia com seu IPTU, e verificar as possibilidades de parcelamento, basta acessar o Portal de Servi\u00e7os da Prefeitura. Voc\u00ea resolve tudo de forma online! Acesse: \ud83d\udccdhttps:\/\/servicos.niteroi.rj.gov.br\/<\/p>\n\n\n\n<p>O parcelamento do IPTU e de outros tributos municipais, tamb\u00e9m podem ser solicitados pelo e-mail: parcelamento@fazenda.niteroi.rj.gov.br.<\/p>\n","protected":false},"excerpt":{"rendered":"<p>Voc\u00ea sabia que a sua d\u00edvida do IPTU pode ser parcelada? Dependendo do valor da d\u00edvida, \u00e9 poss\u00edvel realizar o parcelamento dos d\u00e9bitos em at\u00e9 84 presta\u00e7\u00f5es! Para ficar em [&hellip;]<\/p>\n","protected":false},"author":38,"featured_media":24016,"comment_status":"closed","ping_status":"closed","sticky":false,"template":"","format":"standard","meta":{"_et_pb_use_builder":"","_et_pb_old_content":"","_et_gb_content_width":"","_usar_header_alternativo":false,"footnotes":""},"categories":[10],"tags":[],"class_list":["post-24015","post","type-post","status-publish","format-standard","has-post-thumbnail","hentry","category-noticias","et-has-post-format-content","et_post_format-et-post-format-standard"],"_links":{"self":[{"href":"https:\/\/www.fazenda.niteroi.rj.gov.br\/site\/wp-json\/wp\/v2\/posts\/24015","targetHints":{"allow":["GET"]}}],"collection":[{"href":"https:\/\/www.fazenda.niteroi.rj.gov.br\/site\/wp-json\/wp\/v2\/posts"}],"about":[{"href":"https:\/\/www.fazenda.niteroi.rj.gov.br\/site\/wp-json\/wp\/v2\/types\/post"}],"author":[{"embeddable":true,"href":"https:\/\/www.fazenda.niteroi.rj.gov.br\/site\/wp-json\/wp\/v2\/users\/38"}],"replies":[{"embeddable":true,"href":"https:\/\/www.fazenda.niteroi.rj.gov.br\/site\/wp-json\/wp\/v2\/comments?post=24015"}],"version-history":[{"count":1,"href":"https:\/\/www.fazenda.niteroi.rj.gov.br\/site\/wp-json\/wp\/v2\/posts\/24015\/revisions"}],"predecessor-version":[{"id":24017,"href":"https:\/\/www.fazenda.niteroi.rj.gov.br\/site\/wp-json\/wp\/v2\/posts\/24015\/revisions\/24017"}],"wp:featuredmedia":[{"embeddable":true,"href":"https:\/\/www.fazenda.niteroi.rj.gov.br\/site\/wp-json\/wp\/v2\/media\/24016"}],"wp:attachment":[{"href":"https:\/\/www.fazenda.niteroi.rj.gov.br\/site\/wp-json\/wp\/v2\/media?parent=24015"}],"wp:term":[{"taxonomy":"category","embeddable":true,"href":"https:\/\/www.fazenda.niteroi.rj.gov.br\/site\/wp-json\/wp\/v2\/categories?post=24015"},{"taxonomy":"post_tag","embeddable":true,"href":"https:\/\/www.fazenda.niteroi.rj.gov.br\/site\/wp-json\/wp\/v2\/tags?post=24015"}],"curies":[{"name":"wp","href":"https:\/\/api.w.org\/{rel}","templated":true}]}}