{"id":24442,"date":"2024-02-07T16:10:58","date_gmt":"2024-02-07T19:10:58","guid":{"rendered":"https:\/\/www.fazenda.niteroi.rj.gov.br\/site\/?p=24442"},"modified":"2024-02-07T16:11:27","modified_gmt":"2024-02-07T19:11:27","slug":"acordao-no-3071-2023","status":"publish","type":"post","link":"https:\/\/www.fazenda.niteroi.rj.gov.br\/site\/acordao-no-3071-2023\/","title":{"rendered":"Ac\u00f3rd\u00e3o n\u00ba 3071\/2023"},"content":{"rendered":"\n<ul class=\"wp-block-list\">\n<li>1391\u00aa Sess\u00e3o Ordin\u00e1ria, de 18\/01\/2023<\/li>\n\n\n\n<li>Processo: 030\/018926\/2019<\/li>\n\n\n\n<li>Recorrente: Centro de Ensino Babyl\u00e2ndia e Atua\u00e7\u00e3o Ltda<\/li>\n<\/ul>\n\n\n\n<p><strong><u>Ementa<\/u><\/strong>:\u00a0<strong>\u201cSIMPLES NACIONAL. NOTIFICA\u00c7\u00c3O DE EXCLUS\u00c3O. RECURSO VOLUNT\u00c1RIO. FALTA DE EMISS\u00c3O DE NOTAS FISCAIS DE SERVI\u00c7OS NO PER\u00cdODO DE JANEIRO DE 2014 A AGOSTO DE 2017. ALEGA\u00c7\u00d5ES REFERENTES \u00c0 CARACTERIZA\u00c7\u00c3O DE GRUPO ECON\u00d4MICO QUE N\u00c3O TEM RELA\u00c7\u00c3O COM O MOTIVO ENSEJADOR DA EXCLUS\u00c3O DO SIMPLES NACIONAL NO CASO DOS PRESENTES AUTOS. INCID\u00caNCIA DO DISPOSTO NOS ART. 29, INCISO XI, E 26, INCISO I, DA LC N\u00ba 123\/2006. DEFINI\u00c7\u00c3O DE PR\u00c1TICA REITERADA, CONTIDA NO \u00a7 9\u00ba DO ART. 29 DA LC N\u00ba 123\/2006, QUE DIFERE DO CONCEITO DE REINCID\u00caNCIA DO \u00c2MBITO PENAL. PREVAL\u00caNCIA DO PRINC\u00cdPIO DA LEGALIDADE PARA FINS DE APURA\u00c7\u00c3O DE IRREGULARIDADES E APLICA\u00c7\u00c3O DA EXCLUS\u00c3O DO REGIMES SIMPLIFICADO. MANUTEN\u00c7\u00c3O DA NOTIFICA\u00c7\u00c3O DE EXCLUS\u00c3O. RECURSO VOLUNT\u00c1RIO CONHECIDO E DESPROVIDO\u201d.<\/strong><\/p>\n\n\n\n<ul class=\"wp-block-list\">\n<li>Inteiro teor:<a href=\"https:\/\/www.fazenda.niteroi.rj.gov.br\/site\/wp-content\/uploads\/2024\/01\/PROC.018926.19-CTRO-DE-ENSINO-BABYLANDIA-E-ATUACAO.pdf\">&nbsp;Ac\u00f3rd\u00e3o 3071\/2023<\/a>.<\/li>\n<\/ul>\n","protected":false},"excerpt":{"rendered":"<p>SIMPLES NACIONAL. NOTIFICA\u00c7\u00c3O DE EXCLUS\u00c3O. RECURSO VOLUNT\u00c1RIO. FALTA DE EMISS\u00c3O DE NOTAS FISCAIS DE SERVI\u00c7OS NO PER\u00cdODO DE JANEIRO DE 2014 A AGOSTO DE 2017. ALEGA\u00c7\u00d5ES REFERENTES \u00c0 CARACTERIZA\u00c7\u00c3O DE GRUPO ECON\u00d4MICO QUE N\u00c3O TEM RELA\u00c7\u00c3O COM O MOTIVO ENSEJADOR DA EXCLUS\u00c3O DO SIMPLES NACIONAL NO CASO DOS PRESENTES AUTOS. INCID\u00caNCIA DO DISPOSTO NOS ART. 29, INCISO XI, E 26, INCISO I, DA LC N\u00ba 123\/2006. DEFINI\u00c7\u00c3O DE PR\u00c1TICA REITERADA, CONTIDA NO \u00a7 9\u00ba DO ART. 29 DA LC N\u00ba 123\/2006, QUE DIFERE DO CONCEITO DE REINCID\u00caNCIA DO \u00c2MBITO PENAL. PREVAL\u00caNCIA DO PRINC\u00cdPIO DA LEGALIDADE PARA FINS DE APURA\u00c7\u00c3O DE IRREGULARIDADES E APLICA\u00c7\u00c3O DA EXCLUS\u00c3O DO REGIMES SIMPLIFICADO. MANUTEN\u00c7\u00c3O DA NOTIFICA\u00c7\u00c3O DE EXCLUS\u00c3O. RECURSO VOLUNT\u00c1RIO CONHECIDO E DESPROVIDO<\/p>\n","protected":false},"author":4,"featured_media":0,"comment_status":"closed","ping_status":"closed","sticky":false,"template":"","format":"standard","meta":{"_et_pb_use_builder":"","_et_pb_old_content":"","_et_gb_content_width":"","_usar_header_alternativo":false,"footnotes":""},"categories":[131,126],"tags":[],"class_list":["post-24442","post","type-post","status-publish","format-standard","hentry","category-acordaos","category-ccn","et-doesnt-have-format-content","et_post_format-et-post-format-standard"],"_links":{"self":[{"href":"https:\/\/www.fazenda.niteroi.rj.gov.br\/site\/wp-json\/wp\/v2\/posts\/24442","targetHints":{"allow":["GET"]}}],"collection":[{"href":"https:\/\/www.fazenda.niteroi.rj.gov.br\/site\/wp-json\/wp\/v2\/posts"}],"about":[{"href":"https:\/\/www.fazenda.niteroi.rj.gov.br\/site\/wp-json\/wp\/v2\/types\/post"}],"author":[{"embeddable":true,"href":"https:\/\/www.fazenda.niteroi.rj.gov.br\/site\/wp-json\/wp\/v2\/users\/4"}],"replies":[{"embeddable":true,"href":"https:\/\/www.fazenda.niteroi.rj.gov.br\/site\/wp-json\/wp\/v2\/comments?post=24442"}],"version-history":[{"count":1,"href":"https:\/\/www.fazenda.niteroi.rj.gov.br\/site\/wp-json\/wp\/v2\/posts\/24442\/revisions"}],"predecessor-version":[{"id":24443,"href":"https:\/\/www.fazenda.niteroi.rj.gov.br\/site\/wp-json\/wp\/v2\/posts\/24442\/revisions\/24443"}],"wp:attachment":[{"href":"https:\/\/www.fazenda.niteroi.rj.gov.br\/site\/wp-json\/wp\/v2\/media?parent=24442"}],"wp:term":[{"taxonomy":"category","embeddable":true,"href":"https:\/\/www.fazenda.niteroi.rj.gov.br\/site\/wp-json\/wp\/v2\/categories?post=24442"},{"taxonomy":"post_tag","embeddable":true,"href":"https:\/\/www.fazenda.niteroi.rj.gov.br\/site\/wp-json\/wp\/v2\/tags?post=24442"}],"curies":[{"name":"wp","href":"https:\/\/api.w.org\/{rel}","templated":true}]}}