{"id":24567,"date":"2024-02-08T11:05:38","date_gmt":"2024-02-08T14:05:38","guid":{"rendered":"https:\/\/www.fazenda.niteroi.rj.gov.br\/site\/?p=24567"},"modified":"2024-02-08T11:06:15","modified_gmt":"2024-02-08T14:06:15","slug":"acordao-no-3117-2023","status":"publish","type":"post","link":"https:\/\/www.fazenda.niteroi.rj.gov.br\/site\/acordao-no-3117-2023\/","title":{"rendered":"Ac\u00f3rd\u00e3o n\u00ba 3117\/2023"},"content":{"rendered":"\n<ul class=\"wp-block-list\">\n<li>1412\u00aa Sess\u00e3o Ordin\u00e1ria, de 19\/04\/2023<\/li>\n\n\n\n<li>Processo: 030\/027710\/2019<\/li>\n\n\n\n<li>Recorrente: Halter Nativa Servi\u00e7os e Com\u00e9rcio Ltda<\/li>\n<\/ul>\n\n\n\n<p><strong>Ementa: \u201cISS \u2013 Recurso volunt\u00e1rio \u2013 Presta\u00e7\u00e3o dos servi\u00e7os de servi\u00e7os de gin\u00e1stica, de dan\u00e7a, esportes, nata\u00e7\u00e3o, artes marciais e demais atividades f\u00edsicas (subitem 6.04) \u2013 Recurso que n\u00e3o impugna especificamente o conte\u00fado do ato administrativo \u2013 Aus\u00eancia de condi\u00e7\u00e3o de admissibilidade \u2013 Intelig\u00eancia dos arts. 11, \u00a71\u00ba, inciso V, 64, inciso III e 65 do PAT \u2013 Recurso n\u00e3o conhecido\u201d.<\/strong><\/p>\n\n\n\n<ul class=\"wp-block-list\">\n<li>Inteiro teor:&nbsp;<a href=\"https:\/\/www.fazenda.niteroi.rj.gov.br\/site\/wp-content\/uploads\/2024\/01\/PROC.027710.19-HALTERNATIVA-SERVICOS.pdf\">Ac\u00f3rd\u00e3o 3117\/2023.<\/a><\/li>\n<\/ul>\n","protected":false},"excerpt":{"rendered":"<p>\u201cISS \u2013 Recurso volunt\u00e1rio \u2013 Presta\u00e7\u00e3o dos servi\u00e7os de servi\u00e7os de gin\u00e1stica, de dan\u00e7a, esportes, nata\u00e7\u00e3o, artes marciais e demais atividades f\u00edsicas (subitem 6.04) \u2013 Recurso que n\u00e3o impugna especificamente o conte\u00fado do ato administrativo \u2013 Aus\u00eancia de condi\u00e7\u00e3o de admissibilidade \u2013 Intelig\u00eancia dos arts. 11, \u00a71\u00ba, inciso V, 64, inciso III e 65 do PAT \u2013 Recurso n\u00e3o conhecido\u201d.<\/p>\n","protected":false},"author":4,"featured_media":0,"comment_status":"closed","ping_status":"closed","sticky":false,"template":"","format":"standard","meta":{"_et_pb_use_builder":"","_et_pb_old_content":"","_et_gb_content_width":"","_usar_header_alternativo":false,"footnotes":""},"categories":[131,126],"tags":[],"class_list":["post-24567","post","type-post","status-publish","format-standard","hentry","category-acordaos","category-ccn","et-doesnt-have-format-content","et_post_format-et-post-format-standard"],"_links":{"self":[{"href":"https:\/\/www.fazenda.niteroi.rj.gov.br\/site\/wp-json\/wp\/v2\/posts\/24567","targetHints":{"allow":["GET"]}}],"collection":[{"href":"https:\/\/www.fazenda.niteroi.rj.gov.br\/site\/wp-json\/wp\/v2\/posts"}],"about":[{"href":"https:\/\/www.fazenda.niteroi.rj.gov.br\/site\/wp-json\/wp\/v2\/types\/post"}],"author":[{"embeddable":true,"href":"https:\/\/www.fazenda.niteroi.rj.gov.br\/site\/wp-json\/wp\/v2\/users\/4"}],"replies":[{"embeddable":true,"href":"https:\/\/www.fazenda.niteroi.rj.gov.br\/site\/wp-json\/wp\/v2\/comments?post=24567"}],"version-history":[{"count":1,"href":"https:\/\/www.fazenda.niteroi.rj.gov.br\/site\/wp-json\/wp\/v2\/posts\/24567\/revisions"}],"predecessor-version":[{"id":24568,"href":"https:\/\/www.fazenda.niteroi.rj.gov.br\/site\/wp-json\/wp\/v2\/posts\/24567\/revisions\/24568"}],"wp:attachment":[{"href":"https:\/\/www.fazenda.niteroi.rj.gov.br\/site\/wp-json\/wp\/v2\/media?parent=24567"}],"wp:term":[{"taxonomy":"category","embeddable":true,"href":"https:\/\/www.fazenda.niteroi.rj.gov.br\/site\/wp-json\/wp\/v2\/categories?post=24567"},{"taxonomy":"post_tag","embeddable":true,"href":"https:\/\/www.fazenda.niteroi.rj.gov.br\/site\/wp-json\/wp\/v2\/tags?post=24567"}],"curies":[{"name":"wp","href":"https:\/\/api.w.org\/{rel}","templated":true}]}}