{"id":24607,"date":"2024-02-08T12:06:21","date_gmt":"2024-02-08T15:06:21","guid":{"rendered":"https:\/\/www.fazenda.niteroi.rj.gov.br\/site\/?p=24607"},"modified":"2024-02-08T12:08:10","modified_gmt":"2024-02-08T15:08:10","slug":"acordao-no-3135-2023","status":"publish","type":"post","link":"https:\/\/www.fazenda.niteroi.rj.gov.br\/site\/acordao-no-3135-2023\/","title":{"rendered":"Ac\u00f3rd\u00e3o n\u00ba 3135\/2023"},"content":{"rendered":"\n<ul class=\"wp-block-list\">\n<li>1419\u00aa Sess\u00e3o Ordin\u00e1ria, de 17\/05\/2023<\/li>\n\n\n\n<li>Processo: 030\/002556\/2022<\/li>\n\n\n\n<li>Recorrente: Banco do Brasil S\/A<\/li>\n<\/ul>\n\n\n\n<p><strong>Ementa: \u201c<\/strong><strong>ISS \u2013 OBRIGA\u00c7\u00c3O ACESS\u00d3RIA \u2013 DECLARA\u00c7\u00c3O ELETR\u00d4NICA DE INSTITUI\u00c7\u00d5ES FINANCEIRAS. N\u00c3O OBSERV\u00c2NCIA DO PRAZO LEGAL PARA ENTREGA. APLICA\u00c7\u00c3O DA PENALIDADE PREVISTA NO ARTIGO 121, INCISO IV DO CTM. O valor da multa \u00e9 calculado levando-se em conta um valor pr\u00e9-determinado e a quantidade de dias de atraso. Recurso Volunt\u00e1rio que se nega provimento\u201d.<\/strong><\/p>\n\n\n\n<ul class=\"wp-block-list\">\n<li>Inteiro teor:&nbsp;<a href=\"https:\/\/www.fazenda.niteroi.rj.gov.br\/site\/wp-content\/uploads\/2024\/01\/PROC.-02556.22-BANCO-DO-BRASIL-SA.pdf\">Ac\u00f3rd\u00e3o 3135\/2023.<\/a><\/li>\n<\/ul>\n","protected":false},"excerpt":{"rendered":"<p>\u201cISS \u2013 OBRIGA\u00c7\u00c3O ACESS\u00d3RIA \u2013 DECLARA\u00c7\u00c3O ELET\u00d4NICA DE INSTITUI\u00c7\u00d5ES FINANCEIRAS. N\u00c3O OBSERV\u00c2NCIA DO PRAZO LEGAL PARA ENTREGA. APLICA\u00c7\u00c3O DA PENALIDADE PREVISTA NO ARTIGO 121, INCISO IV DO CTM. O valor da multa \u00e9 calculado levando-se em conta um valor pr\u00e9-determinado e a quantidade de dias de atraso. Recurso Volunt\u00e1rio que se nega provimento\u201d.<\/p>\n","protected":false},"author":4,"featured_media":0,"comment_status":"closed","ping_status":"closed","sticky":false,"template":"","format":"standard","meta":{"_et_pb_use_builder":"","_et_pb_old_content":"","_et_gb_content_width":"","_usar_header_alternativo":false,"footnotes":""},"categories":[131,126],"tags":[],"class_list":["post-24607","post","type-post","status-publish","format-standard","hentry","category-acordaos","category-ccn","et-doesnt-have-format-content","et_post_format-et-post-format-standard"],"_links":{"self":[{"href":"https:\/\/www.fazenda.niteroi.rj.gov.br\/site\/wp-json\/wp\/v2\/posts\/24607","targetHints":{"allow":["GET"]}}],"collection":[{"href":"https:\/\/www.fazenda.niteroi.rj.gov.br\/site\/wp-json\/wp\/v2\/posts"}],"about":[{"href":"https:\/\/www.fazenda.niteroi.rj.gov.br\/site\/wp-json\/wp\/v2\/types\/post"}],"author":[{"embeddable":true,"href":"https:\/\/www.fazenda.niteroi.rj.gov.br\/site\/wp-json\/wp\/v2\/users\/4"}],"replies":[{"embeddable":true,"href":"https:\/\/www.fazenda.niteroi.rj.gov.br\/site\/wp-json\/wp\/v2\/comments?post=24607"}],"version-history":[{"count":2,"href":"https:\/\/www.fazenda.niteroi.rj.gov.br\/site\/wp-json\/wp\/v2\/posts\/24607\/revisions"}],"predecessor-version":[{"id":24609,"href":"https:\/\/www.fazenda.niteroi.rj.gov.br\/site\/wp-json\/wp\/v2\/posts\/24607\/revisions\/24609"}],"wp:attachment":[{"href":"https:\/\/www.fazenda.niteroi.rj.gov.br\/site\/wp-json\/wp\/v2\/media?parent=24607"}],"wp:term":[{"taxonomy":"category","embeddable":true,"href":"https:\/\/www.fazenda.niteroi.rj.gov.br\/site\/wp-json\/wp\/v2\/categories?post=24607"},{"taxonomy":"post_tag","embeddable":true,"href":"https:\/\/www.fazenda.niteroi.rj.gov.br\/site\/wp-json\/wp\/v2\/tags?post=24607"}],"curies":[{"name":"wp","href":"https:\/\/api.w.org\/{rel}","templated":true}]}}