{"id":24652,"date":"2024-02-08T13:00:21","date_gmt":"2024-02-08T16:00:21","guid":{"rendered":"https:\/\/www.fazenda.niteroi.rj.gov.br\/site\/?p=24652"},"modified":"2024-02-08T13:00:59","modified_gmt":"2024-02-08T16:00:59","slug":"acordao-no-3155-2023","status":"publish","type":"post","link":"https:\/\/www.fazenda.niteroi.rj.gov.br\/site\/acordao-no-3155-2023\/","title":{"rendered":"Ac\u00f3rd\u00e3o n\u00ba 3155\/2023"},"content":{"rendered":"\n<ul class=\"wp-block-list\">\n<li>1425\u00aa Sess\u00e3o Ordin\u00e1ria, de 07\/06\/2023<\/li>\n\n\n\n<li>Processo: 030\/005160\/2020<\/li>\n\n\n\n<li>Recorrente: Icara\u00ed IV Tratamento de Beleza Eireli<\/li>\n<\/ul>\n\n\n\n<p><strong>Ementa: \u201cSIMPLES NACIONAL. NOTIFICA\u00c7\u00c3O DE EXCLUS\u00c3O. RECURSO VOLUNT\u00c1RIO. CARACTERIZA\u00c7\u00c3O DA CONSTITUI\u00c7\u00c3O DE PESSOA JUR\u00cdDICA POR INTERPOSTA PESSOA. EMPRESA QUE OCUPA ESPA\u00c7O F\u00cdSICO PR\u00d3XIMO A OUTROS DOIS ESTABELECIMENTOS DE BELEZA, COM RAZ\u00c3O SOCIAL SIMILAR, COM DESENVOLVIMENTO DO MESMO OBJETO SOCIAL, COM UTILIZA\u00c7\u00c3O DE FUNCION\u00c1RIA EM COMUM, COMPOSTA DE S\u00d3CIOS COM GRAU DE PARENTESCO OU AFINIDADE ENTRE OS S\u00d3CIOS DAS DEMAIS PESSOAS JUR\u00cdDICAS DO GRUPO ECON\u00d4MICO E QUE SE APRESENTA, NOS AN\u00daNCIOS EM REDES SOCIAIS E NAS PLACAS INDICATIVAS DO ESTABELECIMENTO, COMO UMA \u00daNICA EMPRESA. INCID\u00caNCIA DO DISPOSTO NO ART. 29, INCISO IV, DA LC N\u00ba 123\/2006. MANUTEN\u00c7\u00c3O DA EXCLUS\u00c3O. RECURSO VOLUNT\u00c1RIO CONHECIDO E DESPROVIDO\u201d.<\/strong><\/p>\n\n\n\n<ul class=\"wp-block-list\">\n<li>Inteiro teor:&nbsp;<a href=\"https:\/\/www.fazenda.niteroi.rj.gov.br\/site\/wp-content\/uploads\/2024\/01\/PROC.-005160.2020-ICARAI-IV-TRATAMENTO-DE-BELEZA.pdf\">Ac\u00f3rd\u00e3o 3155\/2023<\/a>.<\/li>\n<\/ul>\n","protected":false},"excerpt":{"rendered":"<p>\u201cSIMPLES NACIONAL. NOTIFICA\u00c7\u00c3O DE EXCLUS\u00c3O. RECURSO VOLUNT\u00c1RIO. CARACTERIZA\u00c7\u00c3O DA CONSTITUI\u00c7\u00c3O DE PESSOA JUR\u00cdDICA POR INTERPOSTA PESSOA. EMPRESA QUE OCUPA ESPA\u00c7O F\u00cdSICO PR\u00d3XIMO A OUTROS DOIS ESTABELECIMENTOS DE BELEZA, COM RAZ\u00c3O SOCIAL SIMILAR, COM DESENVOLVIMENTO DO MESMO OBJETO SOCIAL, COM UTILIZA\u00c7\u00c3O DE FUNCION\u00c1RIA EM COMUM, COMPOSTA DE S\u00d3CIOS COM GRAU DE PARENTESCO OU AFINIDADE ENTRE OS S\u00d3CIOS DAS DEMAIS PESSOAS JUR\u00cdDICAS DO GRUPO ECON\u00d4MICO E QUE SE APRESENTA, NOS AN\u00daNCIOS EM REDES SOCIAIS E NAS PLACAS INDICATIVAS DO ESTABELECIMENTO, COMO UMA \u00daNICA EMPRESA. INCID\u00caNCIA DO DISPOSTO NO ART. 29, INCISO IV, DA LC N\u00ba 123\/2006. MANUTEN\u00c7\u00c3O DA EXCLUS\u00c3O. RECURSO VOLUNT\u00c1RIO CONHECIDO E DESPROVIDO\u201d.<\/p>\n","protected":false},"author":4,"featured_media":0,"comment_status":"closed","ping_status":"closed","sticky":false,"template":"","format":"standard","meta":{"_et_pb_use_builder":"","_et_pb_old_content":"","_et_gb_content_width":"","_usar_header_alternativo":false,"footnotes":""},"categories":[131,126],"tags":[],"class_list":["post-24652","post","type-post","status-publish","format-standard","hentry","category-acordaos","category-ccn","et-doesnt-have-format-content","et_post_format-et-post-format-standard"],"_links":{"self":[{"href":"https:\/\/www.fazenda.niteroi.rj.gov.br\/site\/wp-json\/wp\/v2\/posts\/24652","targetHints":{"allow":["GET"]}}],"collection":[{"href":"https:\/\/www.fazenda.niteroi.rj.gov.br\/site\/wp-json\/wp\/v2\/posts"}],"about":[{"href":"https:\/\/www.fazenda.niteroi.rj.gov.br\/site\/wp-json\/wp\/v2\/types\/post"}],"author":[{"embeddable":true,"href":"https:\/\/www.fazenda.niteroi.rj.gov.br\/site\/wp-json\/wp\/v2\/users\/4"}],"replies":[{"embeddable":true,"href":"https:\/\/www.fazenda.niteroi.rj.gov.br\/site\/wp-json\/wp\/v2\/comments?post=24652"}],"version-history":[{"count":1,"href":"https:\/\/www.fazenda.niteroi.rj.gov.br\/site\/wp-json\/wp\/v2\/posts\/24652\/revisions"}],"predecessor-version":[{"id":24653,"href":"https:\/\/www.fazenda.niteroi.rj.gov.br\/site\/wp-json\/wp\/v2\/posts\/24652\/revisions\/24653"}],"wp:attachment":[{"href":"https:\/\/www.fazenda.niteroi.rj.gov.br\/site\/wp-json\/wp\/v2\/media?parent=24652"}],"wp:term":[{"taxonomy":"category","embeddable":true,"href":"https:\/\/www.fazenda.niteroi.rj.gov.br\/site\/wp-json\/wp\/v2\/categories?post=24652"},{"taxonomy":"post_tag","embeddable":true,"href":"https:\/\/www.fazenda.niteroi.rj.gov.br\/site\/wp-json\/wp\/v2\/tags?post=24652"}],"curies":[{"name":"wp","href":"https:\/\/api.w.org\/{rel}","templated":true}]}}