{"id":24654,"date":"2024-02-08T13:02:23","date_gmt":"2024-02-08T16:02:23","guid":{"rendered":"https:\/\/www.fazenda.niteroi.rj.gov.br\/site\/?p=24654"},"modified":"2024-02-08T13:03:02","modified_gmt":"2024-02-08T16:03:02","slug":"acordao-no-3156-2023","status":"publish","type":"post","link":"https:\/\/www.fazenda.niteroi.rj.gov.br\/site\/acordao-no-3156-2023\/","title":{"rendered":"Ac\u00f3rd\u00e3o n\u00ba 3156\/2023"},"content":{"rendered":"\n<ul class=\"wp-block-list\">\n<li>1426\u00aa Sess\u00e3o Ordin\u00e1ria, de 07\/06\/2023<\/li>\n\n\n\n<li>Processo: 030\/033809\/2019<\/li>\n\n\n\n<li>Recorrente: Donna Gamini St\u00fadio de Beleza Eireli<\/li>\n<\/ul>\n\n\n\n<p><strong>Ementa: \u201cISSQN \u2013 Recurso Volunt\u00e1rio \u2013 Auto de Infra\u00e7\u00e3o 57281 de 26.12.2019 \u2013Emiss\u00e3o de NFs com dedu\u00e7\u00e3o da Cota-parte do Profissional Parceiro \u2013 N\u00e3o aplicabilidade da LC155\/2016 \u2013 Enquadramento subitem 6.01 anexo III lei 2.597\/08 \u2013 Per\u00edodo JANEIRO a DEZEMBRO \/2015 \u2013 Recurso Volunt\u00e1rio conhecido e Desprovido\u201d.<\/strong><\/p>\n\n\n\n<ul class=\"wp-block-list\">\n<li>Inteiro teor:&nbsp;<a href=\"https:\/\/www.fazenda.niteroi.rj.gov.br\/site\/wp-content\/uploads\/2024\/01\/PROC-033809.19-DONNA-GAMINE.pdf\">Ac\u00f3rd\u00e3o 3156\/2023.<\/a><\/li>\n<\/ul>\n","protected":false},"excerpt":{"rendered":"<p>\u201cISSQN \u2013 Recurso Volunt\u00e1rio \u2013 Auto de Infra\u00e7\u00e3o 57281 de 26.12.2019 \u2013Emiss\u00e3o de NFs com dedu\u00e7\u00e3o da Cota-parte do Profissional Parceiro \u2013 N\u00e3o aplicabilidade da LC155\/2016 \u2013 Enquadramento subitem 6.01 anexo III lei 2.597\/08 \u2013 Per\u00edodo JANEIRO a DEZEMBRO \/2015 \u2013 Recurso Volunt\u00e1rio conhecido e Desprovido\u201d.<\/p>\n","protected":false},"author":4,"featured_media":0,"comment_status":"closed","ping_status":"closed","sticky":false,"template":"","format":"standard","meta":{"_et_pb_use_builder":"","_et_pb_old_content":"","_et_gb_content_width":"","_usar_header_alternativo":false,"footnotes":""},"categories":[131,126],"tags":[],"class_list":["post-24654","post","type-post","status-publish","format-standard","hentry","category-acordaos","category-ccn","et-doesnt-have-format-content","et_post_format-et-post-format-standard"],"_links":{"self":[{"href":"https:\/\/www.fazenda.niteroi.rj.gov.br\/site\/wp-json\/wp\/v2\/posts\/24654","targetHints":{"allow":["GET"]}}],"collection":[{"href":"https:\/\/www.fazenda.niteroi.rj.gov.br\/site\/wp-json\/wp\/v2\/posts"}],"about":[{"href":"https:\/\/www.fazenda.niteroi.rj.gov.br\/site\/wp-json\/wp\/v2\/types\/post"}],"author":[{"embeddable":true,"href":"https:\/\/www.fazenda.niteroi.rj.gov.br\/site\/wp-json\/wp\/v2\/users\/4"}],"replies":[{"embeddable":true,"href":"https:\/\/www.fazenda.niteroi.rj.gov.br\/site\/wp-json\/wp\/v2\/comments?post=24654"}],"version-history":[{"count":1,"href":"https:\/\/www.fazenda.niteroi.rj.gov.br\/site\/wp-json\/wp\/v2\/posts\/24654\/revisions"}],"predecessor-version":[{"id":24655,"href":"https:\/\/www.fazenda.niteroi.rj.gov.br\/site\/wp-json\/wp\/v2\/posts\/24654\/revisions\/24655"}],"wp:attachment":[{"href":"https:\/\/www.fazenda.niteroi.rj.gov.br\/site\/wp-json\/wp\/v2\/media?parent=24654"}],"wp:term":[{"taxonomy":"category","embeddable":true,"href":"https:\/\/www.fazenda.niteroi.rj.gov.br\/site\/wp-json\/wp\/v2\/categories?post=24654"},{"taxonomy":"post_tag","embeddable":true,"href":"https:\/\/www.fazenda.niteroi.rj.gov.br\/site\/wp-json\/wp\/v2\/tags?post=24654"}],"curies":[{"name":"wp","href":"https:\/\/api.w.org\/{rel}","templated":true}]}}