{"id":24707,"date":"2024-02-08T15:13:47","date_gmt":"2024-02-08T18:13:47","guid":{"rendered":"https:\/\/www.fazenda.niteroi.rj.gov.br\/site\/?p=24707"},"modified":"2024-02-08T15:14:52","modified_gmt":"2024-02-08T18:14:52","slug":"acordao-no-3176-2023","status":"publish","type":"post","link":"https:\/\/www.fazenda.niteroi.rj.gov.br\/site\/acordao-no-3176-2023\/","title":{"rendered":"Ac\u00f3rd\u00e3o n\u00ba 3176\/2023"},"content":{"rendered":"\n<ul class=\"wp-block-list\">\n<li>1440\u00aa Sess\u00e3o Ordin\u00e1ria, de 16\/08\/2023<\/li>\n\n\n\n<li>Processo: 030\/029026\/2019<\/li>\n\n\n\n<li>Recorrente: Amanhecer Empreendimentos Educacionais Ltda<\/li>\n<\/ul>\n\n\n\n<p><strong>Ementa: \u201cISSQN \u2013 AUTO DE INFRA\u00c7\u00c3O N\u00ba 049000586500000100030318201910 \u2013 SIMPLES NACIONAL \u2013 FALTA DE RECOLHIMENTO DO TRIBUTO REFERENTE A DIFEREN\u00c7A APURADA \u2013 DESCONTOS CONDICIONADOS \u2013 art. 92 E 114 LEI MUNICIPAL 2597\/2008 \u2013 SOLIDARIEDADE \u2013 FATOS OCORRIDOS ANTES DA CONSTITUI\u00c7\u00c3O DA PESSOA JUR\u00cdDICA \u2013 INOCORR\u00caNCIA \u2013 RECURSO VOLUNT\u00c1RIO CONHECIDO E PROVIDO PARCIALMENTE PARA AFASTAR A RESPONSABILIDADE TRIBUT\u00c1RIA E MANTER A COBRAN\u00c7A DO TRIBUTO<\/strong><strong>\u201d.<\/strong><strong><\/strong><\/p>\n\n\n\n<ul class=\"wp-block-list\">\n<li>Inteiro teor:<a href=\"https:\/\/www.fazenda.niteroi.rj.gov.br\/site\/wp-content\/uploads\/2024\/01\/PROC.029026.19-AMANHECER-EMPREENDIMENTOS.pdf\">&nbsp;Ac\u00f3rd\u00e3o 3176\/2023.<\/a><\/li>\n<\/ul>\n","protected":false},"excerpt":{"rendered":"<p> \u201cISSQN \u2013 AUTO DE INFRA\u00c7\u00c3O N\u00ba 049000586500000100030318201910 \u2013 SIMPLES NACIONAL \u2013 FALTA DE RECOLHIMENTO DO TRIBUTO REFERENTE A DIFEREN\u00c7A APURADA \u2013 DESCONTOS CONDICIONADOS \u2013 art. 92 E 114 LEI MUNICIPAL 2597\/2008 \u2013 SOLIDARIEDADE \u2013 FATOS OCORRIDOS ANTES DA CONSTITUI\u00c7\u00c3O DA PESSOA JUR\u00cdDICA \u2013 INOCORR\u00caNCIA \u2013 RECURSO VOLUNT\u00c1RIO CONHECIDO E PROVIDO PARCIALMENTE PARA AFASTAR A RESPONSABILIDADE TRIBUT\u00c1RIA E MANTER A COBRAN\u00c7A DO TRIBUTO\u201d.<\/p>\n","protected":false},"author":4,"featured_media":0,"comment_status":"closed","ping_status":"closed","sticky":false,"template":"","format":"standard","meta":{"_et_pb_use_builder":"","_et_pb_old_content":"","_et_gb_content_width":"","_usar_header_alternativo":false,"footnotes":""},"categories":[131,126],"tags":[],"class_list":["post-24707","post","type-post","status-publish","format-standard","hentry","category-acordaos","category-ccn","et-doesnt-have-format-content","et_post_format-et-post-format-standard"],"_links":{"self":[{"href":"https:\/\/www.fazenda.niteroi.rj.gov.br\/site\/wp-json\/wp\/v2\/posts\/24707","targetHints":{"allow":["GET"]}}],"collection":[{"href":"https:\/\/www.fazenda.niteroi.rj.gov.br\/site\/wp-json\/wp\/v2\/posts"}],"about":[{"href":"https:\/\/www.fazenda.niteroi.rj.gov.br\/site\/wp-json\/wp\/v2\/types\/post"}],"author":[{"embeddable":true,"href":"https:\/\/www.fazenda.niteroi.rj.gov.br\/site\/wp-json\/wp\/v2\/users\/4"}],"replies":[{"embeddable":true,"href":"https:\/\/www.fazenda.niteroi.rj.gov.br\/site\/wp-json\/wp\/v2\/comments?post=24707"}],"version-history":[{"count":1,"href":"https:\/\/www.fazenda.niteroi.rj.gov.br\/site\/wp-json\/wp\/v2\/posts\/24707\/revisions"}],"predecessor-version":[{"id":24710,"href":"https:\/\/www.fazenda.niteroi.rj.gov.br\/site\/wp-json\/wp\/v2\/posts\/24707\/revisions\/24710"}],"wp:attachment":[{"href":"https:\/\/www.fazenda.niteroi.rj.gov.br\/site\/wp-json\/wp\/v2\/media?parent=24707"}],"wp:term":[{"taxonomy":"category","embeddable":true,"href":"https:\/\/www.fazenda.niteroi.rj.gov.br\/site\/wp-json\/wp\/v2\/categories?post=24707"},{"taxonomy":"post_tag","embeddable":true,"href":"https:\/\/www.fazenda.niteroi.rj.gov.br\/site\/wp-json\/wp\/v2\/tags?post=24707"}],"curies":[{"name":"wp","href":"https:\/\/api.w.org\/{rel}","templated":true}]}}