{"id":24719,"date":"2024-02-08T15:21:45","date_gmt":"2024-02-08T18:21:45","guid":{"rendered":"https:\/\/www.fazenda.niteroi.rj.gov.br\/site\/?p=24719"},"modified":"2024-02-08T15:22:37","modified_gmt":"2024-02-08T18:22:37","slug":"acordao-no-3181-2023","status":"publish","type":"post","link":"https:\/\/www.fazenda.niteroi.rj.gov.br\/site\/acordao-no-3181-2023\/","title":{"rendered":"Ac\u00f3rd\u00e3o n\u00ba 3181\/2023"},"content":{"rendered":"\n<ul class=\"wp-block-list\">\n<li>1441\u00aa Sess\u00e3o Ordin\u00e1ria, de 16\/08\/2023<\/li>\n\n\n\n<li>Processo: 030\/029029\/2019<\/li>\n\n\n\n<li>Recorrente: Amanhecer Empreendimentos Educacionais Ltda<\/li>\n<\/ul>\n\n\n\n<p><strong>Ementa: \u201cEXCLUS\u00c3O SIMPLES NACIONAL \u2013 RECURSO VOLUT\u00c1RIO \u2013 NOTIFICA\u00c7\u00c3O 10887 \u2013 CONSTATA\u00c7\u00c3O DE FORMA\u00c7\u00c3O DE GRUPO ECONOMICO \u2013 SOMAT\u00d3RIO DOS FATURAMENTOS DAS SOCIEDADES \u2013 ULTRAPASSAGEM DO LIMITE DO SIMPLES NACIONAL EM 2018 -INEXIST\u00caNCIA DE CERCEAMENTO DE DEFESA \u2013 RECURSO VOLUNT\u00c1RIO CONHECIDO E N\u00c3O PROVIDO\u201d.<\/strong><\/p>\n\n\n\n<ul class=\"wp-block-list\">\n<li>Inteiro teor:&nbsp;<a href=\"https:\/\/www.fazenda.niteroi.rj.gov.br\/site\/wp-content\/uploads\/2024\/01\/PROC.-029029.19-AMANHECER-EMPREENDIMENTOS-2.pdf\">Ac\u00f3rd\u00e3o 3181\/2023.<\/a><\/li>\n<\/ul>\n","protected":false},"excerpt":{"rendered":"<p>EXCLUS\u00c3O SIMPLES NACIONAL \u2013 RECURSO VOLUT\u00c1RIO \u2013 NOTIFICA\u00c7\u00c3O 10887 \u2013 CONSTATA\u00c7\u00c3O DE FORMA\u00c7\u00c3O DE GRUPO ECONOMICO \u2013 SOMAT\u00d3RIO DOS FATURAMENTOS DAS SOCIEDADES \u2013 ULTRAPASSAGEM DO LIMITE DO SIMPLES NACIONAL EM 2018 -INEXIST\u00caNCIA DE CERCEAMENTO DE DEFESA \u2013 RECURSO VOLUNT\u00c1RIO CONHECIDO E N\u00c3O PROVIDO\u201d.<\/p>\n","protected":false},"author":4,"featured_media":0,"comment_status":"closed","ping_status":"closed","sticky":false,"template":"","format":"standard","meta":{"_et_pb_use_builder":"","_et_pb_old_content":"","_et_gb_content_width":"","_usar_header_alternativo":false,"footnotes":""},"categories":[131,126],"tags":[],"class_list":["post-24719","post","type-post","status-publish","format-standard","hentry","category-acordaos","category-ccn","et-doesnt-have-format-content","et_post_format-et-post-format-standard"],"_links":{"self":[{"href":"https:\/\/www.fazenda.niteroi.rj.gov.br\/site\/wp-json\/wp\/v2\/posts\/24719","targetHints":{"allow":["GET"]}}],"collection":[{"href":"https:\/\/www.fazenda.niteroi.rj.gov.br\/site\/wp-json\/wp\/v2\/posts"}],"about":[{"href":"https:\/\/www.fazenda.niteroi.rj.gov.br\/site\/wp-json\/wp\/v2\/types\/post"}],"author":[{"embeddable":true,"href":"https:\/\/www.fazenda.niteroi.rj.gov.br\/site\/wp-json\/wp\/v2\/users\/4"}],"replies":[{"embeddable":true,"href":"https:\/\/www.fazenda.niteroi.rj.gov.br\/site\/wp-json\/wp\/v2\/comments?post=24719"}],"version-history":[{"count":1,"href":"https:\/\/www.fazenda.niteroi.rj.gov.br\/site\/wp-json\/wp\/v2\/posts\/24719\/revisions"}],"predecessor-version":[{"id":24721,"href":"https:\/\/www.fazenda.niteroi.rj.gov.br\/site\/wp-json\/wp\/v2\/posts\/24719\/revisions\/24721"}],"wp:attachment":[{"href":"https:\/\/www.fazenda.niteroi.rj.gov.br\/site\/wp-json\/wp\/v2\/media?parent=24719"}],"wp:term":[{"taxonomy":"category","embeddable":true,"href":"https:\/\/www.fazenda.niteroi.rj.gov.br\/site\/wp-json\/wp\/v2\/categories?post=24719"},{"taxonomy":"post_tag","embeddable":true,"href":"https:\/\/www.fazenda.niteroi.rj.gov.br\/site\/wp-json\/wp\/v2\/tags?post=24719"}],"curies":[{"name":"wp","href":"https:\/\/api.w.org\/{rel}","templated":true}]}}