{"id":2478,"date":"2016-11-28T16:33:51","date_gmt":"2016-11-28T18:33:51","guid":{"rendered":"http:\/\/fazenda.niteroi.rj.gov.br\/site\/?p=2478"},"modified":"2016-11-28T18:52:37","modified_gmt":"2016-11-28T20:52:37","slug":"sigeo-apoia-a-transformacao-digital-da-secretaria-da-fazenda","status":"publish","type":"post","link":"https:\/\/www.fazenda.niteroi.rj.gov.br\/site\/sigeo-apoia-a-transformacao-digital-da-secretaria-da-fazenda\/","title":{"rendered":"SIGEO apoia a Transforma\u00e7\u00e3o Digital da Secretaria da Fazenda"},"content":{"rendered":"<p><em>Veja como o Sistema de Gest\u00e3o de Geoinforma\u00e7\u00e3o da Prefeitura de Niter\u00f3i est\u00e1 trazendo inova\u00e7\u00f5es e benef\u00edcios para a Secretaria da Fazenda.<\/em><\/p>\n<p>Mais um \u00f3rg\u00e3o da Prefeitura Municipal de Niter\u00f3i est\u00e1 se beneficiando com a implanta\u00e7\u00e3o do SIGEO, a mais nova plataforma digital do munic\u00edpio que integra dados e sistemas existentes com base na localiza\u00e7\u00e3o. Agora \u00e9 a vez da Secretaria Municipal da Fazenda, que est\u00e1 recebendo melhorias em rela\u00e7\u00e3o ao cadastro imobili\u00e1rio e o recadastramento do munic\u00edpio. A partir de agora, com o SIGEO, a SMF conta com um novo mapeamento do cadastro imobili\u00e1rio com base em dados atualizados dos lotes, quadras, im\u00f3veis e edifica\u00e7\u00f5es da cidade. Tudo isso dispon\u00edvel para consulta e acesso no Portal SIGEO <em><a href=\"https:\/\/geo.niteroi.rj.gov.br\/civitasgeoportal\/\">https:\/\/geo.niteroi.rj.gov.br\/civitasgeoportal\/<\/a><\/em> para todos os profissionais da prefeitura conforme permiss\u00f5es de acesso.<\/p>\n<p>Essa atualiza\u00e7\u00e3o permitir\u00e1 \u00e0 SMF realizar o recadastramento de todos os im\u00f3veis da cidade para a cobran\u00e7a devida do IPTU de seus cidad\u00e3os, garantindo a justi\u00e7a fiscal no munic\u00edpio. Com a atualiza\u00e7\u00e3o, a cobran\u00e7a do IPTU ser\u00e1 realizada com base no valor correto considerando atributos como tamanho do im\u00f3vel, tipo de cobertura, instala\u00e7\u00e3o el\u00e9trica, revestimento e piso. A grande novidade nesse recadastramento \u00e9 o aplicativo m\u00f3vel por meio do qual os agentes da secretaria v\u00e3o \u00e0 campo com um <em>tablet<\/em> para verificar os im\u00f3veis e realizar as devidas atualiza\u00e7\u00f5es em seus registros de forma integrada com a base de dados municipal. As edi\u00e7\u00f5es ser\u00e3o realizadas de forma \u00e1gil e automaticamente atualizadas no SIGEO.<\/p>\n<div id=\"attachment_2479\" style=\"width: 410px\" class=\"wp-caption alignright\"><a href=\"http:\/\/fazenda.niteroi.rj.gov.br\/site\/wp-content\/uploads\/2016\/11\/Visao-do-Portal-SIGEO.jpg\"><img loading=\"lazy\" decoding=\"async\" aria-describedby=\"caption-attachment-2479\" id=\"longdesc-return-2479\" class=\"size-medium wp-image-2479\" tabindex=\"-1\" src=\"http:\/\/fazenda.niteroi.rj.gov.br\/site\/wp-content\/uploads\/2016\/11\/Visao-do-Portal-SIGEO-400x129.jpg\" alt=\"Vis\u00e3o do Portal SIGEO.\" width=\"400\" height=\"129\" longdesc=\"http:\/\/fazenda.niteroi.rj.gov.br\/site?longdesc=2479&amp;referrer=2478\" srcset=\"https:\/\/www.fazenda.niteroi.rj.gov.br\/site\/wp-content\/uploads\/2016\/11\/Visao-do-Portal-SIGEO-400x129.jpg 400w, https:\/\/www.fazenda.niteroi.rj.gov.br\/site\/wp-content\/uploads\/2016\/11\/Visao-do-Portal-SIGEO-600x194.jpg 600w, https:\/\/www.fazenda.niteroi.rj.gov.br\/site\/wp-content\/uploads\/2016\/11\/Visao-do-Portal-SIGEO.jpg 619w\" sizes=\"auto, (max-width: 400px) 100vw, 400px\" \/><\/a><p id=\"caption-attachment-2479\" class=\"wp-caption-text\">Vis\u00e3o do Portal SIGEO.<\/p><\/div>\n<h3>Uso da geotecnologia e expectativas do SIGEO na SMF<\/h3>\n<p>Confira a seguir o depoimento de Edval Martins, Chefe do Setor de Recadastramento da Secretaria da Fazenda de Niter\u00f3i, que conta um pouco do contexto do uso da geotecnologia no \u00f3rg\u00e3o, bem como a import\u00e2ncia e os resultados esperados com o SIGEO.<\/p>\n<p><em>\u201cA Secretaria da Fazenda de Niter\u00f3i vem atuando no campo da Geotecnologia desde a d\u00e9cada passada, mantendo o projeto \u201cGEONIT\u201d, buscando elementos para a base da implanta\u00e7\u00e3o de um Cadastro Multifinalit\u00e1rio. Como resultado dos esfor\u00e7os, conseguimos georreferenciar a Regi\u00e3o Oce\u00e2nica e alguns bairros da Zona Sul da cidade, numa \u00e1rea estimada de 67 Km\u00b2 (48% da \u00e1rea do munic\u00edpio) e aproximadamente 42.000 im\u00f3veis. O projeto utilizou um voo de 2005 e foi contratado para completar um antigo de 1995, feito para atender ao projeto de despolui\u00e7\u00e3o da Ba\u00eda de Guanabara. <\/em><\/p>\n<div id=\"attachment_2480\" style=\"width: 410px\" class=\"wp-caption alignright\"><a href=\"http:\/\/fazenda.niteroi.rj.gov.br\/site\/wp-content\/uploads\/2016\/11\/Untitled.jpg\"><img loading=\"lazy\" decoding=\"async\" aria-describedby=\"caption-attachment-2480\" id=\"longdesc-return-2480\" class=\"size-medium wp-image-2480\" tabindex=\"-1\" src=\"http:\/\/fazenda.niteroi.rj.gov.br\/site\/wp-content\/uploads\/2016\/11\/Untitled-400x235.jpg\" alt=\"Edval Martins, Chefe do Setor de Recadastramento da SMF, e Cesar Barbiero, Secret\u00e1rio da Fazenda.\" width=\"400\" height=\"235\" longdesc=\"http:\/\/fazenda.niteroi.rj.gov.br\/site?longdesc=2480&amp;referrer=2478\" srcset=\"https:\/\/www.fazenda.niteroi.rj.gov.br\/site\/wp-content\/uploads\/2016\/11\/Untitled-400x235.jpg 400w, https:\/\/www.fazenda.niteroi.rj.gov.br\/site\/wp-content\/uploads\/2016\/11\/Untitled-600x353.jpg 600w, https:\/\/www.fazenda.niteroi.rj.gov.br\/site\/wp-content\/uploads\/2016\/11\/Untitled.jpg 675w\" sizes=\"auto, (max-width: 400px) 100vw, 400px\" \/><\/a><p id=\"caption-attachment-2480\" class=\"wp-caption-text\">Edval Martins, Chefe do Setor de Recadastramento da SMF, e Cesar Barbiero, Secret\u00e1rio da Fazenda.<\/p><\/div>\n<p><em>T\u00ednhamos como objetivo a cria\u00e7\u00e3o de um sistema de informa\u00e7\u00f5es geogr\u00e1ficas, que seria respons\u00e1vel pela interliga\u00e7\u00e3o din\u00e2mica entre a base cartogr\u00e1fica planim\u00e9trica cadastral e o cadastro imobili\u00e1rio, a fim de associar todos os bancos cadastrais do munic\u00edpio, como im\u00f3veis p\u00fablicos e privados, rede de \u00e1gua, esgoto e energia el\u00e9trica, dados de sa\u00fade p\u00fablica, educa\u00e7\u00e3o, bem como todas as demais secretarias do munic\u00edpio. Por\u00e9m, apesar de lograrmos \u00eaxitos quanto ao georreferenciamento na \u00e1rea citada, os investimentos parcos das administra\u00e7\u00f5es anteriores e um erro na escolha da plataforma de integra\u00e7\u00e3o entre os entes n\u00e3o nos permitiu avan\u00e7os, ficando o projeto restrito \u00e0 Secretaria de Fazenda. <\/em><\/p>\n<p><em>Para resgatar a iniciativa original, a atual administra\u00e7\u00e3o municipal contratou um novo voo e elaborou um projeto voltado ao Desenvolvimento e Implanta\u00e7\u00e3o do Sistema de Gest\u00e3o de Geoinforma\u00e7\u00e3o (SIGEO), englobando o Cadastro T\u00e9cnico multifinalit\u00e1rio de Niter\u00f3i. O SIGEO vem fazer ressurgir o GEONIT, que estava fadado a ser um projeto de insucesso, uma vez que o ambiente do sistema de informa\u00e7\u00f5es geogr\u00e1ficas n\u00e3o era acess\u00edvel pela Internet (SIG-Web), impossibilitando a integra\u00e7\u00e3o dos demais atores, o que \u00e9 fundamental para a cria\u00e7\u00e3o de um Cadastro Multifinalit\u00e1rio. <\/em><\/p>\n<div id=\"attachment_2481\" style=\"width: 410px\" class=\"wp-caption alignright\"><a href=\"http:\/\/fazenda.niteroi.rj.gov.br\/site\/wp-content\/uploads\/2016\/11\/Untitledf.jpg\"><img loading=\"lazy\" decoding=\"async\" aria-describedby=\"caption-attachment-2481\" class=\"wp-image-2481 size-medium\" src=\"http:\/\/fazenda.niteroi.rj.gov.br\/site\/wp-content\/uploads\/2016\/11\/Untitledf-400x108.jpg\" alt=\"Equipe do setor de Recadastramento da SMF.\" width=\"400\" height=\"108\" srcset=\"https:\/\/www.fazenda.niteroi.rj.gov.br\/site\/wp-content\/uploads\/2016\/11\/Untitledf-400x108.jpg 400w, https:\/\/www.fazenda.niteroi.rj.gov.br\/site\/wp-content\/uploads\/2016\/11\/Untitledf-600x162.jpg 600w, https:\/\/www.fazenda.niteroi.rj.gov.br\/site\/wp-content\/uploads\/2016\/11\/Untitledf.jpg 665w\" sizes=\"auto, (max-width: 400px) 100vw, 400px\" \/><\/a><p id=\"caption-attachment-2481\" class=\"wp-caption-text\">Equipe do setor de Recadastramento da SMF.<\/p><\/div>\n<p><em>A contrata\u00e7\u00e3o da Imagem como a empresa especializada em GIS est\u00e1 sendo de suma import\u00e2ncia para a implanta\u00e7\u00e3o e elabora\u00e7\u00e3o de nova metodologia, dando solu\u00e7\u00f5es para antigos problemas. Passamos a contar com um programa de gest\u00e3o municipal, o Civitas da Imagem, que nos oferece uma plataforma \u00fanica capaz de manter todos os processos e otimizar suas etapas internas e externas, compartilhando todos a mesma vis\u00e3o do dado\u201d.<\/em><\/p>\n<p>Esperamos com o projeto um grande aperfei\u00e7oamento do Cadastro T\u00e9cnico Territorial que contemple resultados tais como:<\/p>\n<ul>\n<li>Um cadastro t\u00e9cnico integrado com o Sistema Tribut\u00e1rio e Fiscal;<\/li>\n<li>Dados da base do cadastro multifinalit\u00e1rio georreferenciado para consulta, verifica\u00e7\u00f5es de medidas e impress\u00e3o de mapas tem\u00e1ticos;<\/li>\n<li>Levantamento de dados em campo com o aplicativo m\u00f3vel, proporcionando ao usu\u00e1rio o acesso ao cadastro bem como a imagem, online, al\u00e9m de agilizar o fluxo de trabalho de manuten\u00e7\u00e3o e atualiza\u00e7\u00e3o do Cadastro Imobili\u00e1rio e Mobili\u00e1rio.<\/li>\n<\/ul>\n<h3><em><strong><a href=\"http:\/\/fazenda.niteroi.rj.gov.br\/site\/wp-content\/uploads\/2016\/11\/Untitledgg.jpg\"><img loading=\"lazy\" decoding=\"async\" class=\"size-medium wp-image-2482 alignright\" src=\"http:\/\/fazenda.niteroi.rj.gov.br\/site\/wp-content\/uploads\/2016\/11\/Untitledgg-390x300.jpg\" alt=\"untitledgg\" width=\"390\" height=\"300\" srcset=\"https:\/\/www.fazenda.niteroi.rj.gov.br\/site\/wp-content\/uploads\/2016\/11\/Untitledgg-390x300.jpg 390w, https:\/\/www.fazenda.niteroi.rj.gov.br\/site\/wp-content\/uploads\/2016\/11\/Untitledgg-600x461.jpg 600w, https:\/\/www.fazenda.niteroi.rj.gov.br\/site\/wp-content\/uploads\/2016\/11\/Untitledgg.jpg 623w\" sizes=\"auto, (max-width: 390px) 100vw, 390px\" \/><\/a>Revitaliza\u00e7\u00e3o da sede de Geoprocessamento da SMF<\/strong><\/em><\/h3>\n<p>Outra grande novidade \u00e9 a revitaliza\u00e7\u00e3o da sala da equipe do Recadastramento da SMF que \u00e9 um dos n\u00facleos de geoprocessamento da prefeitura. Novos m\u00f3veis e pintura est\u00e3o sendo providenciados para a equipe. Confira algumas fotos do andamento das obras.<\/p>\n<p>Al\u00e9m da revitaliza\u00e7\u00e3o da sala do Recadastramento, a pr\u00f3xima aplica\u00e7\u00e3o dispon\u00edvel para a secretaria ser\u00e1 o cadastramento mobili\u00e1rio que reunir\u00e1 no portal SIGEO as atividades econ\u00f4micas e comerciais de cada im\u00f3vel de Niter\u00f3i. Essa etapa ainda est\u00e1 em fase de execu\u00e7\u00e3o, pois depende da integra\u00e7\u00e3o com o sistema tribut\u00e1rio e fiscal da prefeitura.<\/p>\n<p><em>Continue acompanhando nosso informativo SIGEO!<\/em><\/p>\n","protected":false},"excerpt":{"rendered":"<p>Veja como o Sistema de Gest\u00e3o de Geoinforma\u00e7\u00e3o da Prefeitura de Niter\u00f3i est\u00e1 trazendo inova\u00e7\u00f5es e benef\u00edcios para a Secretaria da Fazenda.<\/p>\n","protected":false},"author":3,"featured_media":2480,"comment_status":"closed","ping_status":"closed","sticky":false,"template":"","format":"standard","meta":{"_et_pb_use_builder":"","_et_pb_old_content":"","_et_gb_content_width":"","_usar_header_alternativo":false,"footnotes":""},"categories":[10],"tags":[192,193,190,191],"class_list":["post-2478","post","type-post","status-publish","format-standard","has-post-thumbnail","hentry","category-noticias","tag-imagem","tag-portal-sigeo","tag-sigeo","tag-sistema-de-gestao-de-geoinformacao","et-has-post-format-content","et_post_format-et-post-format-standard"],"_links":{"self":[{"href":"https:\/\/www.fazenda.niteroi.rj.gov.br\/site\/wp-json\/wp\/v2\/posts\/2478","targetHints":{"allow":["GET"]}}],"collection":[{"href":"https:\/\/www.fazenda.niteroi.rj.gov.br\/site\/wp-json\/wp\/v2\/posts"}],"about":[{"href":"https:\/\/www.fazenda.niteroi.rj.gov.br\/site\/wp-json\/wp\/v2\/types\/post"}],"author":[{"embeddable":true,"href":"https:\/\/www.fazenda.niteroi.rj.gov.br\/site\/wp-json\/wp\/v2\/users\/3"}],"replies":[{"embeddable":true,"href":"https:\/\/www.fazenda.niteroi.rj.gov.br\/site\/wp-json\/wp\/v2\/comments?post=2478"}],"version-history":[{"count":0,"href":"https:\/\/www.fazenda.niteroi.rj.gov.br\/site\/wp-json\/wp\/v2\/posts\/2478\/revisions"}],"wp:featuredmedia":[{"embeddable":true,"href":"https:\/\/www.fazenda.niteroi.rj.gov.br\/site\/wp-json\/wp\/v2\/media\/2480"}],"wp:attachment":[{"href":"https:\/\/www.fazenda.niteroi.rj.gov.br\/site\/wp-json\/wp\/v2\/media?parent=2478"}],"wp:term":[{"taxonomy":"category","embeddable":true,"href":"https:\/\/www.fazenda.niteroi.rj.gov.br\/site\/wp-json\/wp\/v2\/categories?post=2478"},{"taxonomy":"post_tag","embeddable":true,"href":"https:\/\/www.fazenda.niteroi.rj.gov.br\/site\/wp-json\/wp\/v2\/tags?post=2478"}],"curies":[{"name":"wp","href":"https:\/\/api.w.org\/{rel}","templated":true}]}}