{"id":24851,"date":"2024-02-08T17:34:47","date_gmt":"2024-02-08T20:34:47","guid":{"rendered":"https:\/\/www.fazenda.niteroi.rj.gov.br\/site\/?p=24851"},"modified":"2024-07-11T14:48:14","modified_gmt":"2024-07-11T17:48:14","slug":"acordao-no-3234-2023","status":"publish","type":"post","link":"https:\/\/www.fazenda.niteroi.rj.gov.br\/site\/acordao-no-3234-2023\/","title":{"rendered":"Ac\u00f3rd\u00e3o n\u00ba 3234\/2023"},"content":{"rendered":"\n<ul class=\"wp-block-list\">\n<li>1457\u00aa Sess\u00e3o Ordin\u00e1ria, de 18\/10\/2023<\/li>\n\n\n\n<li>Processo: 030\/019199\/2019<\/li>\n\n\n\n<li>Recorrente: KF Engenharia Ltda<\/li>\n<\/ul>\n\n\n\n<p><strong>Ementa: \u201cOBRIGA\u00c7\u00c3O ACESS\u00d3RIA \u2013 AUTO REGULAMENTAR \u2013 N\u00c3O CONFIGURADA A FALTA DE EMISS\u00c3O DE NOTA FISCAL, MAS EQU\u00cdVOCO NA FORMA DE CONTABILIZA\u00c7\u00c3O DAS ATIVIDADES \u2013 AUTO DE INFRA\u00c7\u00c3O N\u00ba 56389 \u2013 CONTRIBUINTE DEIXOU DE CONSIDERAR O REGIME DE COMPET\u00caNCIA E ADOTOU A DATA DE EMISS\u00c3O DAS NOTAS FISCAIS PARA REALIZAR A ESCRITURA\u00c7\u00c3O \u2013 RECURSO DE OF\u00cdCIO CONHECIDO E DESPROVIDO\u201d.<\/strong><\/p>\n\n\n\n<ul class=\"wp-block-list\">\n<li>Inteiro teor:\u00a0<a href=\"https:\/\/www.fazenda.niteroi.rj.gov.br\/site\/wp-content\/uploads\/2024\/07\/Processo-19199-19.pdf\">Ac\u00f3rd\u00e3o 3234\/2023.<\/a><\/li>\n<\/ul>\n","protected":false},"excerpt":{"rendered":"<p>\u201cOBRIGA\u00c7\u00c3O ACESS\u00d3RIA \u2013 AUTO REGULAMENTAR \u2013 N\u00c3O CONFIGURADA A FALTA DE EMISS\u00c3O DE NOTA FISCAL, MAS EQU\u00cdVOCO NA FORMA DE CONTABILIZA\u00c7\u00c3O DAS ATIVIDADES \u2013 AUTO DE INFRA\u00c7\u00c3O N\u00ba 56389 \u2013 CONTRIBUINTE DEIXOU DE CONSIDERAR O REGIME DE COMPET\u00caNCIA E ADOTOU A DATA DE EMISS\u00c3O DAS NOTAS FISCAIS PARA REALIZAR A ESCRITURA\u00c7\u00c3O \u2013 RECURSO DE OF\u00cdCIO CONHECIDO E DESPROVIDO\u201d.<\/p>\n","protected":false},"author":4,"featured_media":0,"comment_status":"closed","ping_status":"closed","sticky":false,"template":"","format":"standard","meta":{"_et_pb_use_builder":"","_et_pb_old_content":"","_et_gb_content_width":"","_usar_header_alternativo":false,"footnotes":""},"categories":[131,126],"tags":[],"class_list":["post-24851","post","type-post","status-publish","format-standard","hentry","category-acordaos","category-ccn","et-doesnt-have-format-content","et_post_format-et-post-format-standard"],"_links":{"self":[{"href":"https:\/\/www.fazenda.niteroi.rj.gov.br\/site\/wp-json\/wp\/v2\/posts\/24851","targetHints":{"allow":["GET"]}}],"collection":[{"href":"https:\/\/www.fazenda.niteroi.rj.gov.br\/site\/wp-json\/wp\/v2\/posts"}],"about":[{"href":"https:\/\/www.fazenda.niteroi.rj.gov.br\/site\/wp-json\/wp\/v2\/types\/post"}],"author":[{"embeddable":true,"href":"https:\/\/www.fazenda.niteroi.rj.gov.br\/site\/wp-json\/wp\/v2\/users\/4"}],"replies":[{"embeddable":true,"href":"https:\/\/www.fazenda.niteroi.rj.gov.br\/site\/wp-json\/wp\/v2\/comments?post=24851"}],"version-history":[{"count":2,"href":"https:\/\/www.fazenda.niteroi.rj.gov.br\/site\/wp-json\/wp\/v2\/posts\/24851\/revisions"}],"predecessor-version":[{"id":28227,"href":"https:\/\/www.fazenda.niteroi.rj.gov.br\/site\/wp-json\/wp\/v2\/posts\/24851\/revisions\/28227"}],"wp:attachment":[{"href":"https:\/\/www.fazenda.niteroi.rj.gov.br\/site\/wp-json\/wp\/v2\/media?parent=24851"}],"wp:term":[{"taxonomy":"category","embeddable":true,"href":"https:\/\/www.fazenda.niteroi.rj.gov.br\/site\/wp-json\/wp\/v2\/categories?post=24851"},{"taxonomy":"post_tag","embeddable":true,"href":"https:\/\/www.fazenda.niteroi.rj.gov.br\/site\/wp-json\/wp\/v2\/tags?post=24851"}],"curies":[{"name":"wp","href":"https:\/\/api.w.org\/{rel}","templated":true}]}}