{"id":24873,"date":"2024-02-08T17:47:38","date_gmt":"2024-02-08T20:47:38","guid":{"rendered":"https:\/\/www.fazenda.niteroi.rj.gov.br\/site\/?p=24873"},"modified":"2024-02-08T17:48:33","modified_gmt":"2024-02-08T20:48:33","slug":"acordao-no-3242-2023","status":"publish","type":"post","link":"https:\/\/www.fazenda.niteroi.rj.gov.br\/site\/acordao-no-3242-2023\/","title":{"rendered":"Ac\u00f3rd\u00e3o n\u00ba 3242\/2023"},"content":{"rendered":"\n<ul class=\"wp-block-list\">\n<li>1459\u00aa Sess\u00e3o Ordin\u00e1ria, de 25\/10\/2023<\/li>\n\n\n\n<li>Processo: 030\/009906\/2023<\/li>\n\n\n\n<li>&nbsp;Recorrente: Vania Duarte de Albuquerque<\/li>\n<\/ul>\n\n\n\n<p><strong>Ementa: \u201cIPTU. Recurso Volunt\u00e1rio. Revis\u00e3o de valor venal. Avalia\u00e7\u00e3o do im\u00f3vel com base no M\u00e9todo Comparativo Direto de Dados de Mercado. Laudo com v\u00edcio material. Nulidade da decis\u00e3o de Primeira Inst\u00e2ncia. Recurso Conhecido. Devolu\u00e7\u00e3o para novo julgamento\u201d<\/strong>.<\/p>\n\n\n\n<ul class=\"wp-block-list\">\n<li>Inteiro teor:&nbsp;<a href=\"https:\/\/www.fazenda.niteroi.rj.gov.br\/site\/wp-content\/uploads\/2024\/01\/PROC.009906.23-VANIA-DUARTE-DE-ALBUQUERQUE-Copia.pdf\">Ac\u00f3rd\u00e3o 3242\/2023.<\/a><\/li>\n<\/ul>\n","protected":false},"excerpt":{"rendered":"<p>\u201cIPTU. Recurso Volunt\u00e1rio. Revis\u00e3o de valor venal. Avalia\u00e7\u00e3o do im\u00f3vel com base no M\u00e9todo Comparativo Direto de Dados de Mercado. Laudo com v\u00edcio material. Nulidade da decis\u00e3o de Primeira Inst\u00e2ncia. Recurso Conhecido. Devolu\u00e7\u00e3o para novo julgamento\u201d.<\/p>\n","protected":false},"author":4,"featured_media":0,"comment_status":"closed","ping_status":"closed","sticky":false,"template":"","format":"standard","meta":{"_et_pb_use_builder":"","_et_pb_old_content":"","_et_gb_content_width":"","_usar_header_alternativo":false,"footnotes":""},"categories":[131,126],"tags":[],"class_list":["post-24873","post","type-post","status-publish","format-standard","hentry","category-acordaos","category-ccn","et-doesnt-have-format-content","et_post_format-et-post-format-standard"],"_links":{"self":[{"href":"https:\/\/www.fazenda.niteroi.rj.gov.br\/site\/wp-json\/wp\/v2\/posts\/24873","targetHints":{"allow":["GET"]}}],"collection":[{"href":"https:\/\/www.fazenda.niteroi.rj.gov.br\/site\/wp-json\/wp\/v2\/posts"}],"about":[{"href":"https:\/\/www.fazenda.niteroi.rj.gov.br\/site\/wp-json\/wp\/v2\/types\/post"}],"author":[{"embeddable":true,"href":"https:\/\/www.fazenda.niteroi.rj.gov.br\/site\/wp-json\/wp\/v2\/users\/4"}],"replies":[{"embeddable":true,"href":"https:\/\/www.fazenda.niteroi.rj.gov.br\/site\/wp-json\/wp\/v2\/comments?post=24873"}],"version-history":[{"count":1,"href":"https:\/\/www.fazenda.niteroi.rj.gov.br\/site\/wp-json\/wp\/v2\/posts\/24873\/revisions"}],"predecessor-version":[{"id":24875,"href":"https:\/\/www.fazenda.niteroi.rj.gov.br\/site\/wp-json\/wp\/v2\/posts\/24873\/revisions\/24875"}],"wp:attachment":[{"href":"https:\/\/www.fazenda.niteroi.rj.gov.br\/site\/wp-json\/wp\/v2\/media?parent=24873"}],"wp:term":[{"taxonomy":"category","embeddable":true,"href":"https:\/\/www.fazenda.niteroi.rj.gov.br\/site\/wp-json\/wp\/v2\/categories?post=24873"},{"taxonomy":"post_tag","embeddable":true,"href":"https:\/\/www.fazenda.niteroi.rj.gov.br\/site\/wp-json\/wp\/v2\/tags?post=24873"}],"curies":[{"name":"wp","href":"https:\/\/api.w.org\/{rel}","templated":true}]}}