{"id":24888,"date":"2024-02-08T18:01:50","date_gmt":"2024-02-08T21:01:50","guid":{"rendered":"https:\/\/www.fazenda.niteroi.rj.gov.br\/site\/?p=24888"},"modified":"2024-02-08T18:02:40","modified_gmt":"2024-02-08T21:02:40","slug":"acordao-no-3249-2023","status":"publish","type":"post","link":"https:\/\/www.fazenda.niteroi.rj.gov.br\/site\/acordao-no-3249-2023\/","title":{"rendered":"Ac\u00f3rd\u00e3o n\u00ba 3249\/2023"},"content":{"rendered":"\n<ul class=\"wp-block-list\">\n<li>1464\u00aa Sess\u00e3o Ordin\u00e1ria, de 16\/11\/2023<\/li>\n\n\n\n<li>Processo: 030\/015851\/2020<\/li>\n\n\n\n<li>&nbsp;Recorrente:&nbsp;<strong>Myrian Lima Pereira Nunes<\/strong><\/li>\n<\/ul>\n\n\n\n<p><strong>Ementa: \u201cIPTU. LAN\u00c7AMENTO COMPLEMENTAR. Recurso volunt\u00e1rio. N\u00e3o enfrentado o questionamento da \u00e1rea edificada. Solicita\u00e7\u00e3o de dilig\u00eancia para apura\u00e7\u00e3o da real \u00e1rea constru\u00edda. Recurso conhecido. Anula\u00e7\u00e3o da decis\u00e3o de primeira inst\u00e2ncia. Devolu\u00e7\u00e3o ao \u00f3rg\u00e3o julgador para nova avalia\u00e7\u00e3o considerando a \u00e1rea edificada apurada pelo SEDIL\u201d.<\/strong><\/p>\n\n\n\n<ul class=\"wp-block-list\">\n<li>Inteiro teor:&nbsp;<a href=\"https:\/\/www.fazenda.niteroi.rj.gov.br\/site\/wp-content\/uploads\/2024\/01\/PROC.015851.20-MIRIAN-LIMA-PEREIRA-NUNES-Copia.pdf\">Ac\u00f3rd\u00e3o 3249\/2023<\/a><\/li>\n<\/ul>\n","protected":false},"excerpt":{"rendered":"<p>\u201cIPTU. LAN\u00c7AMENTO COMPLEMENTAR. Recurso volunt\u00e1rio. N\u00e3o enfrentado o questionamento da \u00e1rea edificada. Solicita\u00e7\u00e3o de dilig\u00eancia para apura\u00e7\u00e3o da real \u00e1rea constru\u00edda. Recurso conhecido. Anula\u00e7\u00e3o da decis\u00e3o de primeira inst\u00e2ncia. Devolu\u00e7\u00e3o ao \u00f3rg\u00e3o julgador para nova avalia\u00e7\u00e3o considerando a \u00e1rea edificada apurada pelo SEDIL\u201d.<\/p>\n","protected":false},"author":4,"featured_media":0,"comment_status":"closed","ping_status":"closed","sticky":false,"template":"","format":"standard","meta":{"_et_pb_use_builder":"","_et_pb_old_content":"","_et_gb_content_width":"","_usar_header_alternativo":false,"footnotes":""},"categories":[131,126],"tags":[],"class_list":["post-24888","post","type-post","status-publish","format-standard","hentry","category-acordaos","category-ccn","et-doesnt-have-format-content","et_post_format-et-post-format-standard"],"_links":{"self":[{"href":"https:\/\/www.fazenda.niteroi.rj.gov.br\/site\/wp-json\/wp\/v2\/posts\/24888","targetHints":{"allow":["GET"]}}],"collection":[{"href":"https:\/\/www.fazenda.niteroi.rj.gov.br\/site\/wp-json\/wp\/v2\/posts"}],"about":[{"href":"https:\/\/www.fazenda.niteroi.rj.gov.br\/site\/wp-json\/wp\/v2\/types\/post"}],"author":[{"embeddable":true,"href":"https:\/\/www.fazenda.niteroi.rj.gov.br\/site\/wp-json\/wp\/v2\/users\/4"}],"replies":[{"embeddable":true,"href":"https:\/\/www.fazenda.niteroi.rj.gov.br\/site\/wp-json\/wp\/v2\/comments?post=24888"}],"version-history":[{"count":1,"href":"https:\/\/www.fazenda.niteroi.rj.gov.br\/site\/wp-json\/wp\/v2\/posts\/24888\/revisions"}],"predecessor-version":[{"id":24889,"href":"https:\/\/www.fazenda.niteroi.rj.gov.br\/site\/wp-json\/wp\/v2\/posts\/24888\/revisions\/24889"}],"wp:attachment":[{"href":"https:\/\/www.fazenda.niteroi.rj.gov.br\/site\/wp-json\/wp\/v2\/media?parent=24888"}],"wp:term":[{"taxonomy":"category","embeddable":true,"href":"https:\/\/www.fazenda.niteroi.rj.gov.br\/site\/wp-json\/wp\/v2\/categories?post=24888"},{"taxonomy":"post_tag","embeddable":true,"href":"https:\/\/www.fazenda.niteroi.rj.gov.br\/site\/wp-json\/wp\/v2\/tags?post=24888"}],"curies":[{"name":"wp","href":"https:\/\/api.w.org\/{rel}","templated":true}]}}