{"id":24891,"date":"2024-02-08T18:06:14","date_gmt":"2024-02-08T21:06:14","guid":{"rendered":"https:\/\/www.fazenda.niteroi.rj.gov.br\/site\/?p=24891"},"modified":"2024-02-08T18:06:56","modified_gmt":"2024-02-08T21:06:56","slug":"acordao-no-3251-2023","status":"publish","type":"post","link":"https:\/\/www.fazenda.niteroi.rj.gov.br\/site\/acordao-no-3251-2023\/","title":{"rendered":"Ac\u00f3rd\u00e3o n\u00ba 3251\/2023"},"content":{"rendered":"\n<ul class=\"wp-block-list\">\n<li>1464\u00aa Sess\u00e3o Ordin\u00e1ria, de 16\/11\/2023<\/li>\n\n\n\n<li>Processo: 030\/019063\/2021<\/li>\n\n\n\n<li>&nbsp;Recorrente:&nbsp;<strong>Maria Cristina dos Santos Peixoto<\/strong><\/li>\n<\/ul>\n\n\n\n<p><strong>Ementa: \u201cIPTU. Recurso Volunt\u00e1rio e de Of\u00edcio. Revis\u00e3o de elementos cadastrais, lan\u00e7amento complementar e cria\u00e7\u00e3o de segunda matr\u00edcula. Ilegitimidade passiva apontada na decis\u00e3o 1\u00aa inst\u00e2ncia. Recurso Volunt\u00e1rio interpretado como impugna\u00e7\u00e3o a ser apreciada pela autoridade de 1\u00aa inst\u00e2ncia. Recurso de Of\u00edcio conhecido e provido\u201d.<\/strong><\/p>\n\n\n\n<ul class=\"wp-block-list\">\n<li>Inteiro teor:&nbsp;<a href=\"https:\/\/www.fazenda.niteroi.rj.gov.br\/site\/wp-content\/uploads\/2024\/01\/PROC.019063.21-MARIA-CRISTINA-DOS-SANTOS-PEIXOTO-Copia-1.pdf\">Ac\u00f3rd\u00e3o 3251\/2023.<\/a><\/li>\n<\/ul>\n","protected":false},"excerpt":{"rendered":"<p> \u201cIPTU. Recurso Volunt\u00e1rio e de Of\u00edcio. Revis\u00e3o de elementos cadastrais, lan\u00e7amento complementar e cria\u00e7\u00e3o de segunda matr\u00edcula. Ilegitimidade passiva apontada na decis\u00e3o 1\u00aa inst\u00e2ncia. Recurso Volunt\u00e1rio interpretado como impugna\u00e7\u00e3o a ser apreciada pela autoridade de 1\u00aa inst\u00e2ncia. Recurso de Of\u00edcio conhecido e provido\u201d.<\/p>\n","protected":false},"author":4,"featured_media":0,"comment_status":"closed","ping_status":"closed","sticky":false,"template":"","format":"standard","meta":{"_et_pb_use_builder":"","_et_pb_old_content":"","_et_gb_content_width":"","_usar_header_alternativo":false,"footnotes":""},"categories":[131,126],"tags":[],"class_list":["post-24891","post","type-post","status-publish","format-standard","hentry","category-acordaos","category-ccn","et-doesnt-have-format-content","et_post_format-et-post-format-standard"],"_links":{"self":[{"href":"https:\/\/www.fazenda.niteroi.rj.gov.br\/site\/wp-json\/wp\/v2\/posts\/24891","targetHints":{"allow":["GET"]}}],"collection":[{"href":"https:\/\/www.fazenda.niteroi.rj.gov.br\/site\/wp-json\/wp\/v2\/posts"}],"about":[{"href":"https:\/\/www.fazenda.niteroi.rj.gov.br\/site\/wp-json\/wp\/v2\/types\/post"}],"author":[{"embeddable":true,"href":"https:\/\/www.fazenda.niteroi.rj.gov.br\/site\/wp-json\/wp\/v2\/users\/4"}],"replies":[{"embeddable":true,"href":"https:\/\/www.fazenda.niteroi.rj.gov.br\/site\/wp-json\/wp\/v2\/comments?post=24891"}],"version-history":[{"count":1,"href":"https:\/\/www.fazenda.niteroi.rj.gov.br\/site\/wp-json\/wp\/v2\/posts\/24891\/revisions"}],"predecessor-version":[{"id":24895,"href":"https:\/\/www.fazenda.niteroi.rj.gov.br\/site\/wp-json\/wp\/v2\/posts\/24891\/revisions\/24895"}],"wp:attachment":[{"href":"https:\/\/www.fazenda.niteroi.rj.gov.br\/site\/wp-json\/wp\/v2\/media?parent=24891"}],"wp:term":[{"taxonomy":"category","embeddable":true,"href":"https:\/\/www.fazenda.niteroi.rj.gov.br\/site\/wp-json\/wp\/v2\/categories?post=24891"},{"taxonomy":"post_tag","embeddable":true,"href":"https:\/\/www.fazenda.niteroi.rj.gov.br\/site\/wp-json\/wp\/v2\/tags?post=24891"}],"curies":[{"name":"wp","href":"https:\/\/api.w.org\/{rel}","templated":true}]}}