{"id":25094,"date":"2024-02-23T13:06:05","date_gmt":"2024-02-23T16:06:05","guid":{"rendered":"https:\/\/www.fazenda.niteroi.rj.gov.br\/site\/?p=25094"},"modified":"2024-06-03T14:31:30","modified_gmt":"2024-06-03T17:31:30","slug":"acordao-2945-2022","status":"publish","type":"post","link":"https:\/\/www.fazenda.niteroi.rj.gov.br\/site\/acordao-2945-2022\/","title":{"rendered":"Ac\u00f3rd\u00e3o 2945\/2022"},"content":{"rendered":"\n<ul class=\"wp-block-list\">\n<li>1323\u00aa Sess\u00e3o Ordin\u00e1ria, de 11\/03\/2022<\/li>\n<\/ul>\n\n\n\n<p>Processo: 030\/012065\/2021 (Espelho do processo 030\/008123\/2018)<\/p>\n\n\n\n<p>Recorrente: Shandra Abdalla Monassa Bessil<\/p>\n\n\n\n<p><strong><u>Ementa<\/u><\/strong><strong>: \u201cIPTU- Recurso Volunt\u00e1rio \u2013 Base de C\u00e1lculo do IPTU \u2013 PEDIDO DE Revis\u00e3o do valor venal do im\u00f3vel \u2013 Aus\u00eancia de fundamenta\u00e7\u00e3o na revis\u00e3o dos lan\u00e7amentos do IPTU \u2013 Anula\u00e7\u00e3o da decis\u00e3o de Primeira Inst\u00e2ncia \u2013 Recurso Volunt\u00e1rio conhecido e provido\u201d<\/strong>.<\/p>\n\n\n\n<p>Inteiro teor: <a href=\"https:\/\/www.fazenda.niteroi.rj.gov.br\/site\/wp-content\/uploads\/2024\/06\/PA-12065.21-FLS.-56-A-78.pdf\">Ac\u00f3rd\u00e3o 2945\/2022<\/a><\/p>\n","protected":false},"excerpt":{"rendered":"<p> \u201cIPTU- Recurso Volunt\u00e1rio \u2013 Base de C\u00e1lculo do IPTU \u2013 PEDIDO DE Revis\u00e3o do valor venal do im\u00f3vel \u2013 Aus\u00eancia de fundamenta\u00e7\u00e3o na revis\u00e3o dos lan\u00e7amentos do IPTU \u2013 Anula\u00e7\u00e3o da decis\u00e3o de Primeira Inst\u00e2ncia \u2013 Recurso Volunt\u00e1rio conhecido e provido\u201d.<\/p>\n","protected":false},"author":4,"featured_media":0,"comment_status":"closed","ping_status":"closed","sticky":false,"template":"","format":"standard","meta":{"_et_pb_use_builder":"","_et_pb_old_content":"","_et_gb_content_width":"","_usar_header_alternativo":false,"footnotes":""},"categories":[131,126],"tags":[],"class_list":["post-25094","post","type-post","status-publish","format-standard","hentry","category-acordaos","category-ccn","et-doesnt-have-format-content","et_post_format-et-post-format-standard"],"_links":{"self":[{"href":"https:\/\/www.fazenda.niteroi.rj.gov.br\/site\/wp-json\/wp\/v2\/posts\/25094","targetHints":{"allow":["GET"]}}],"collection":[{"href":"https:\/\/www.fazenda.niteroi.rj.gov.br\/site\/wp-json\/wp\/v2\/posts"}],"about":[{"href":"https:\/\/www.fazenda.niteroi.rj.gov.br\/site\/wp-json\/wp\/v2\/types\/post"}],"author":[{"embeddable":true,"href":"https:\/\/www.fazenda.niteroi.rj.gov.br\/site\/wp-json\/wp\/v2\/users\/4"}],"replies":[{"embeddable":true,"href":"https:\/\/www.fazenda.niteroi.rj.gov.br\/site\/wp-json\/wp\/v2\/comments?post=25094"}],"version-history":[{"count":2,"href":"https:\/\/www.fazenda.niteroi.rj.gov.br\/site\/wp-json\/wp\/v2\/posts\/25094\/revisions"}],"predecessor-version":[{"id":27835,"href":"https:\/\/www.fazenda.niteroi.rj.gov.br\/site\/wp-json\/wp\/v2\/posts\/25094\/revisions\/27835"}],"wp:attachment":[{"href":"https:\/\/www.fazenda.niteroi.rj.gov.br\/site\/wp-json\/wp\/v2\/media?parent=25094"}],"wp:term":[{"taxonomy":"category","embeddable":true,"href":"https:\/\/www.fazenda.niteroi.rj.gov.br\/site\/wp-json\/wp\/v2\/categories?post=25094"},{"taxonomy":"post_tag","embeddable":true,"href":"https:\/\/www.fazenda.niteroi.rj.gov.br\/site\/wp-json\/wp\/v2\/tags?post=25094"}],"curies":[{"name":"wp","href":"https:\/\/api.w.org\/{rel}","templated":true}]}}