{"id":25127,"date":"2024-02-23T16:28:08","date_gmt":"2024-02-23T19:28:08","guid":{"rendered":"https:\/\/www.fazenda.niteroi.rj.gov.br\/site\/?p=25127"},"modified":"2024-02-23T16:36:46","modified_gmt":"2024-02-23T19:36:46","slug":"pauta-de-julgamento-para-o-dia-28-de-fevereiro-de-2024","status":"publish","type":"post","link":"https:\/\/www.fazenda.niteroi.rj.gov.br\/site\/pauta-de-julgamento-para-o-dia-28-de-fevereiro-de-2024\/","title":{"rendered":"PAUTA DE JULGAMENTO PARA O DIA 28 DE FEVEREIRO DE 2024"},"content":{"rendered":"\n<p><strong>PREFEITURA <\/strong><img loading=\"lazy\" decoding=\"async\" width=\"138\" height=\"57\" src=\"\"><strong>MUNICIPAL DE NITER\u00d3I<\/strong><\/p>\n\n\n\n<p><strong><u>CONSELHO DE CONTRIBUINTES DO MUNIC\u00cdPIO DE NITER\u00d3I \u2013 CC<\/u><\/strong><\/p>\n\n\n\n<p><strong>REUNI\u00c3O PARA JULGAMENTOS DE RECURSOS, A SER REALIZADA NO <u>DIA 28 DE FEVEREIRO DE 2024<\/u>, COM <u>IN\u00cdCIO \u00c0S 10:00<\/u>,<\/strong><\/p>\n\n\n\n<p><strong><u>Pauta de Julgamento<\/u><\/strong><\/p>\n\n\n\n<p><strong>(Art. 15, \u00a7 3\u00ba, da Lei n\u00ba 2.228\/2005 e Art. 76 do Decreto n\u00ba 9.735\/2005 e Art. 4\u00ba da Resolu\u00e7\u00e3o n\u00ba 01\/2020 do Conselho de Contribuintes do Munic\u00edpio de Niter\u00f3i)<\/strong><\/p>\n\n\n\n<p><strong><u>1.484\u00aa Sess\u00e3o Ordin\u00e1ria:<\/u><\/strong><\/p>\n\n\n\n<ol class=\"wp-block-list\">\n<li> <strong>PROCESSO: 030\/029927\/2019<\/strong><\/li>\n<\/ol>\n\n\n\n<p><strong>\u00a0\u00a0\u00a0\u00a0\u00a0      \u00a0RECORRENTE: FAZENDA P\u00daBLICA MUNICIPAL<\/strong><\/p>\n\n\n\n<p><strong>\u00a0\u00a0\u00a0\u00a0\u00a0\u00a0      RECORRIDO: WW ST\u00daDIO 183 CABELEIREIROS EIRELI<\/strong><\/p>\n\n\n\n<p><strong>\u00a0\u00a0\u00a0\u00a0\u00a0\u00a0      REP. DA FAZENDA: MARIA ELISA VIDAL BERNARDO<\/strong><\/p>\n\n\n\n<p><strong>\u00a0\u00a0\u00a0\u00a0\u00a0\u00a0      RELATOR: LUIZ FELIPE CARREIRA MARQUES<\/strong><\/p>\n\n\n\n<p><strong>\u00a0 __________<\/strong>________________________________________________________<\/p>\n\n\n\n<p>     2. <strong>\u00a0 PROCESSO: 030\/029934\/2019<\/strong><\/p>\n\n\n\n<p><strong>\u00a0          RECORRENTE: FAZENDA P\u00daBLICA MUNICIPAL<\/strong><\/p>\n\n\n\n<p><strong>\u00a0          RECORRIDO: WW ST\u00daDIO 183 CABELEIREIROS EIRELI<\/strong><\/p>\n\n\n\n<p><strong>\u00a0          REP. DA FAZENDA: MARIA ELISA VIDAL BERNARDO<\/strong><\/p>\n\n\n\n<p><strong>\u00a0          RELATOR: LUIZ FELIPE CARREIRA MARQUES<\/strong><\/p>\n\n\n\n<p>__________________________________________________________________<\/p>\n\n\n\n<p><strong>    3.  PROCESSO: 030\/029936\/2019<\/strong><\/p>\n\n\n\n<p>         <strong>RECORRENTE: FAZENDA P\u00daBLICA MUNICIPAL<\/strong><\/p>\n\n\n\n<p><strong>\u00a0        RECORRIDO: WW EST\u00daDIO 183 CABELEIREIROS EIRELI<\/strong><\/p>\n\n\n\n<p><strong>\u00a0        REP. DA FAZENDA: MARIA ELISA VIDAL BERNARDO<\/strong><\/p>\n\n\n\n<p><strong>\u00a0        RELATOR: LUIZ FELIPE CARREIRA MARQUES<\/strong><\/p>\n\n\n\n<p>_____________________________________________________________________<\/p>\n\n\n\n<p>    4. <strong>PROCESSO: 030\/029938\/2019<\/strong><\/p>\n\n\n\n<p>        <strong>RECORRENTE: FAZENDA P\u00daBLICA MUNICIPAL<\/strong><\/p>\n\n\n\n<p>        <strong>RECORRIDO: WW ST\u00daDIO 183 CABELEIREIROS EIRELI<\/strong><\/p>\n\n\n\n<p><strong>        RELATOR: LUIZ FELIPE CARREIRA MARQUES<\/strong><\/p>\n\n\n\n<p>___________________________________________________________________<\/p>\n\n\n\n<p>   5.  <strong>PROCESSO: 030\/029941\/2019<\/strong><\/p>\n\n\n\n<p>        <strong>RECORRENTE: FAZENDA P\u00daBLICA MUNICIPAL<\/strong><\/p>\n\n\n\n<p><strong>        RECORRIDO: WW ST\u00daDIO 183 CABELEIREIROS EIRELI<\/strong><\/p>\n\n\n\n<p>        <strong>RELATOR: LUIZ FELIPE CARREIRA MARQUES<\/strong><\/p>\n\n\n\n<p>CC em 23 de fevereiro de 2024<\/p>\n","protected":false},"excerpt":{"rendered":"<p>PREFEITURA MUNICIPAL DE NITER\u00d3I CONSELHO DE CONTRIBUINTES DO MUNIC\u00cdPIO DE NITER\u00d3I \u2013 CC REUNI\u00c3O PARA JULGAMENTOS DE RECURSOS, A SER REALIZADA NO DIA 28 DE FEVEREIRO DE 2024, COM IN\u00cdCIO [&hellip;]<\/p>\n","protected":false},"author":4,"featured_media":0,"comment_status":"closed","ping_status":"closed","sticky":false,"template":"","format":"standard","meta":{"_et_pb_use_builder":"","_et_pb_old_content":"","_et_gb_content_width":"","_usar_header_alternativo":false,"footnotes":""},"categories":[126,132],"tags":[],"class_list":["post-25127","post","type-post","status-publish","format-standard","hentry","category-ccn","category-pautas","et-doesnt-have-format-content","et_post_format-et-post-format-standard"],"_links":{"self":[{"href":"https:\/\/www.fazenda.niteroi.rj.gov.br\/site\/wp-json\/wp\/v2\/posts\/25127","targetHints":{"allow":["GET"]}}],"collection":[{"href":"https:\/\/www.fazenda.niteroi.rj.gov.br\/site\/wp-json\/wp\/v2\/posts"}],"about":[{"href":"https:\/\/www.fazenda.niteroi.rj.gov.br\/site\/wp-json\/wp\/v2\/types\/post"}],"author":[{"embeddable":true,"href":"https:\/\/www.fazenda.niteroi.rj.gov.br\/site\/wp-json\/wp\/v2\/users\/4"}],"replies":[{"embeddable":true,"href":"https:\/\/www.fazenda.niteroi.rj.gov.br\/site\/wp-json\/wp\/v2\/comments?post=25127"}],"version-history":[{"count":3,"href":"https:\/\/www.fazenda.niteroi.rj.gov.br\/site\/wp-json\/wp\/v2\/posts\/25127\/revisions"}],"predecessor-version":[{"id":25134,"href":"https:\/\/www.fazenda.niteroi.rj.gov.br\/site\/wp-json\/wp\/v2\/posts\/25127\/revisions\/25134"}],"wp:attachment":[{"href":"https:\/\/www.fazenda.niteroi.rj.gov.br\/site\/wp-json\/wp\/v2\/media?parent=25127"}],"wp:term":[{"taxonomy":"category","embeddable":true,"href":"https:\/\/www.fazenda.niteroi.rj.gov.br\/site\/wp-json\/wp\/v2\/categories?post=25127"},{"taxonomy":"post_tag","embeddable":true,"href":"https:\/\/www.fazenda.niteroi.rj.gov.br\/site\/wp-json\/wp\/v2\/tags?post=25127"}],"curies":[{"name":"wp","href":"https:\/\/api.w.org\/{rel}","templated":true}]}}