{"id":25140,"date":"2024-02-26T10:03:39","date_gmt":"2024-02-26T13:03:39","guid":{"rendered":"https:\/\/www.fazenda.niteroi.rj.gov.br\/site\/?p=25140"},"modified":"2024-02-26T22:14:32","modified_gmt":"2024-02-27T01:14:32","slug":"acordao-2952-2022","status":"publish","type":"post","link":"https:\/\/www.fazenda.niteroi.rj.gov.br\/site\/acordao-2952-2022\/","title":{"rendered":"Ac\u00f3rd\u00e3o 2952\/2022"},"content":{"rendered":"\n<ul class=\"wp-block-list\">\n<li>1327\u00aa Sess\u00e3o Ordin\u00e1ria, de 30\/03\/2022<\/li>\n<\/ul>\n\n\n\n<p>Processo: 030\/007918\/2021<\/p>\n\n\n\n<p>Recorrente: Alex Sandro Martins<\/p>\n\n\n\n<p><strong>Ementa: \u201cITBI. RECURSO VOLUNT\u00c1RIO. NOTIFICA\u00c7\u00c3O DE LAN\u00c7AMENTO. REDU\u00c7\u00c3O DA BASE DE C\u00c1LCULO FIXADA INICIALMENTE PELO FISCO AP\u00d3S PEDIDO DE REVIS\u00c3O DE LAN\u00c7AMENTO. INSURG\u00caNCIA, EM SEDE RECURSAL, QUANTO \u00c0 \u00c1REA EDIFICADA DO IM\u00d3VEL UTILIZADA NO PROCEDIMENTO. DILIG\u00caNCIA REALIZADA PELO SEDIL QUE CONSTATOU UMA \u00c1REA MENOR DAQUELA UTILIZADA PELA CITBI. METODOLOGIA DE C\u00c1LCULO UTILIZADA PELA CITBI QUE, EMBORA ADEQUADA, BASEOU-SE EM DADO INCORRETO QUANTO \u00c0 \u00c1REA EDIFICADA DO IM\u00d3VEL. NECESSIDADE DE REFAZIMENTO DO PROCEDIMENTO. RECURSO VOLUNT\u00c1RIO CONHECIDO E PROVIDO\u201d.<\/strong><\/p>\n\n\n\n<p>Inteiro teor: <a href=\"https:\/\/www.fazenda.niteroi.rj.gov.br\/site\/wp-content\/uploads\/2024\/02\/PA-07918.21-FLS.-44-A-77.pdf\">Ac\u00f3rd\u00e3o 2952\/2022<\/a><\/p>\n","protected":false},"excerpt":{"rendered":"<p>Ac\u00f3rd\u00e3o 2952\/2022<br \/>\n\u2022\t1327\u00aa Sess\u00e3o Ordin\u00e1ria, de 30\/03\/2022<br \/>\nProcesso: 030\/007918\/2021<br \/>\nRecorrente: Alex Sandro Martins<br \/>\nEmenta: \u201cITBI. RECURSO VOLUNT\u00c1RIO. NOTIFICA\u00c7\u00c3O DE LAN\u00c7AMENTO. REDU\u00c7\u00c3O DA BASE DE C\u00c1LCULO FIXADA INICIALMENTE PELO FISCO AP\u00d3S PEDIDO DE REVIS\u00c3O DE LAN\u00c7AMENTO. INSURG\u00caNCIA, EM SEDE RECURSAL, QUANTO \u00c0 \u00c1REA EDIFICADA DO IM\u00d3VEL UTILIZADA NO PROCEDIMENTO. DILIG\u00caNCIA REALIZADA PELO SEDIL QUE CONSTATOU UMA \u00c1REA MENOR DAQUELA UTILIZADA PELA CITBI. METODOLOGIA DE C\u00c1LCULO UTILIZADA PELA CITBI QUE, EMBORA ADEQUADA, BASEOU-SE EM DADO INCORRETO QUANTO \u00c0 \u00c1REA EDIFICADA DO IM\u00d3VEL. NECESSIDADE DE REFAZIMENTO DO PROCEDIMENTO. RECURSO VOLUNT\u00c1RIO CONHECIDO E PROVIDO\u201d.<br \/>\nInteiro teor: Ac\u00f3rd\u00e3o 2952\/2022<\/p>\n","protected":false},"author":4,"featured_media":0,"comment_status":"closed","ping_status":"closed","sticky":false,"template":"","format":"standard","meta":{"_et_pb_use_builder":"","_et_pb_old_content":"","_et_gb_content_width":"","_usar_header_alternativo":false,"footnotes":""},"categories":[131,126],"tags":[],"class_list":["post-25140","post","type-post","status-publish","format-standard","hentry","category-acordaos","category-ccn","et-doesnt-have-format-content","et_post_format-et-post-format-standard"],"_links":{"self":[{"href":"https:\/\/www.fazenda.niteroi.rj.gov.br\/site\/wp-json\/wp\/v2\/posts\/25140","targetHints":{"allow":["GET"]}}],"collection":[{"href":"https:\/\/www.fazenda.niteroi.rj.gov.br\/site\/wp-json\/wp\/v2\/posts"}],"about":[{"href":"https:\/\/www.fazenda.niteroi.rj.gov.br\/site\/wp-json\/wp\/v2\/types\/post"}],"author":[{"embeddable":true,"href":"https:\/\/www.fazenda.niteroi.rj.gov.br\/site\/wp-json\/wp\/v2\/users\/4"}],"replies":[{"embeddable":true,"href":"https:\/\/www.fazenda.niteroi.rj.gov.br\/site\/wp-json\/wp\/v2\/comments?post=25140"}],"version-history":[{"count":2,"href":"https:\/\/www.fazenda.niteroi.rj.gov.br\/site\/wp-json\/wp\/v2\/posts\/25140\/revisions"}],"predecessor-version":[{"id":25331,"href":"https:\/\/www.fazenda.niteroi.rj.gov.br\/site\/wp-json\/wp\/v2\/posts\/25140\/revisions\/25331"}],"wp:attachment":[{"href":"https:\/\/www.fazenda.niteroi.rj.gov.br\/site\/wp-json\/wp\/v2\/media?parent=25140"}],"wp:term":[{"taxonomy":"category","embeddable":true,"href":"https:\/\/www.fazenda.niteroi.rj.gov.br\/site\/wp-json\/wp\/v2\/categories?post=25140"},{"taxonomy":"post_tag","embeddable":true,"href":"https:\/\/www.fazenda.niteroi.rj.gov.br\/site\/wp-json\/wp\/v2\/tags?post=25140"}],"curies":[{"name":"wp","href":"https:\/\/api.w.org\/{rel}","templated":true}]}}