{"id":25178,"date":"2024-02-26T10:49:08","date_gmt":"2024-02-26T13:49:08","guid":{"rendered":"https:\/\/www.fazenda.niteroi.rj.gov.br\/site\/?p=25178"},"modified":"2024-02-26T10:49:40","modified_gmt":"2024-02-26T13:49:40","slug":"acordao-2963-2022","status":"publish","type":"post","link":"https:\/\/www.fazenda.niteroi.rj.gov.br\/site\/acordao-2963-2022\/","title":{"rendered":"Ac\u00f3rd\u00e3o 2963\/2022"},"content":{"rendered":"\n<ul class=\"wp-block-list\">\n<li>1335\u00aa Sess\u00e3o Ordin\u00e1ria, de 27\/04\/2022<\/li>\n<\/ul>\n\n\n\n<p>Processo: 030\/004403\/2021<\/p>\n\n\n\n<p>Recorrente: Enavi Reparos Navais Ltda<\/p>\n\n\n\n<p><strong>Ementa: \u201cISSQN- RECURSO VOLUNT\u00c1RO \u2013AUTO DE INFRA\u00c7\u00c3O \u2013SUBITEM 14.01 ANEXO II DO CTM \u2013 N\u00c3O RECOLHIMENTO IMPOSTO POR CONSIDERAR EXPORTA\u00c7\u00c3O DE SERVI\u00c7OS &#8211; INDICE ADOTADO DE CORRE\u00c7\u00c3O IPCA \u2013 PEDIDO DE PER\u00cdCIA FORMULADO GENERICAMENTE &#8211; ALEGA\u00c7\u00c3O DE LAN\u00c7AMENTOS LAN\u00c7ADOS POR IND\u00cdCIOS E PRESUN\u00c7\u00d5ES \u2013 ALEGA\u00c7\u00d5ES DE OCORRENCIAS DE BIS IN IDEM \u2013 SERVI\u00c7OS DE DOCAGEM &#8211; RECURSO VOLUNT\u00c1RIO CONHECIDO E N\u00c3O PROVIDO\u201d.<\/strong><\/p>\n\n\n\n<p>Inteiro teor:<a href=\"https:\/\/www.fazenda.niteroi.rj.gov.br\/site\/wp-content\/uploads\/2024\/02\/PA-04403.21-FLS.-308-A-334.pdf\"> Ac\u00f3rd\u00e3o 2963\/2022<\/a><\/p>\n","protected":false},"excerpt":{"rendered":"<p>\u201cISSQN- RECURSO VOLUNT\u00c1RO \u2013AUTO DE INFRA\u00c7\u00c3O \u2013SUBITEM 14.01 ANEXO II DO CTM \u2013 N\u00c3O RECOLHIMENTO IMPOSTO POR CONSIDERAR EXPORTA\u00c7\u00c3O DE SERVI\u00c7OS &#8211; INDICE ADOTADO DE CORRE\u00c7\u00c3O IPCA \u2013 PEDIDO DE PER\u00cdCIA FORMULADO GENERICAMENTE &#8211; ALEGA\u00c7\u00c3O DE LAN\u00c7AMENTOS LAN\u00c7ADOS POR IND\u00cdCIOS E PRESUN\u00c7\u00d5ES \u2013 ALEGA\u00c7\u00d5ES DE OCORRENCIAS DE BIS IN IDEM \u2013 SERVI\u00c7OS DE DOCAGEM &#8211; RECURSO VOLUNT\u00c1RIO CONHECIDO E N\u00c3O PROVIDO\u201d.<\/p>\n","protected":false},"author":4,"featured_media":0,"comment_status":"closed","ping_status":"closed","sticky":false,"template":"","format":"standard","meta":{"_et_pb_use_builder":"","_et_pb_old_content":"","_et_gb_content_width":"","_usar_header_alternativo":false,"footnotes":""},"categories":[131,126],"tags":[],"class_list":["post-25178","post","type-post","status-publish","format-standard","hentry","category-acordaos","category-ccn","et-doesnt-have-format-content","et_post_format-et-post-format-standard"],"_links":{"self":[{"href":"https:\/\/www.fazenda.niteroi.rj.gov.br\/site\/wp-json\/wp\/v2\/posts\/25178","targetHints":{"allow":["GET"]}}],"collection":[{"href":"https:\/\/www.fazenda.niteroi.rj.gov.br\/site\/wp-json\/wp\/v2\/posts"}],"about":[{"href":"https:\/\/www.fazenda.niteroi.rj.gov.br\/site\/wp-json\/wp\/v2\/types\/post"}],"author":[{"embeddable":true,"href":"https:\/\/www.fazenda.niteroi.rj.gov.br\/site\/wp-json\/wp\/v2\/users\/4"}],"replies":[{"embeddable":true,"href":"https:\/\/www.fazenda.niteroi.rj.gov.br\/site\/wp-json\/wp\/v2\/comments?post=25178"}],"version-history":[{"count":1,"href":"https:\/\/www.fazenda.niteroi.rj.gov.br\/site\/wp-json\/wp\/v2\/posts\/25178\/revisions"}],"predecessor-version":[{"id":25180,"href":"https:\/\/www.fazenda.niteroi.rj.gov.br\/site\/wp-json\/wp\/v2\/posts\/25178\/revisions\/25180"}],"wp:attachment":[{"href":"https:\/\/www.fazenda.niteroi.rj.gov.br\/site\/wp-json\/wp\/v2\/media?parent=25178"}],"wp:term":[{"taxonomy":"category","embeddable":true,"href":"https:\/\/www.fazenda.niteroi.rj.gov.br\/site\/wp-json\/wp\/v2\/categories?post=25178"},{"taxonomy":"post_tag","embeddable":true,"href":"https:\/\/www.fazenda.niteroi.rj.gov.br\/site\/wp-json\/wp\/v2\/tags?post=25178"}],"curies":[{"name":"wp","href":"https:\/\/api.w.org\/{rel}","templated":true}]}}