{"id":25181,"date":"2024-02-26T10:52:04","date_gmt":"2024-02-26T13:52:04","guid":{"rendered":"https:\/\/www.fazenda.niteroi.rj.gov.br\/site\/?p=25181"},"modified":"2024-06-06T14:10:25","modified_gmt":"2024-06-06T17:10:25","slug":"acordao-2964-2022","status":"publish","type":"post","link":"https:\/\/www.fazenda.niteroi.rj.gov.br\/site\/acordao-2964-2022\/","title":{"rendered":"Ac\u00f3rd\u00e3o 2964\/2022"},"content":{"rendered":"\n<ul class=\"wp-block-list\">\n<li>1335\u00aa Sess\u00e3o Ordin\u00e1ria, de 27\/04\/2022<\/li>\n<\/ul>\n\n\n\n<p>Processo: 030\/004404\/2021<\/p>\n\n\n\n<p>Recorrente: Enavi Reparos Navais Ltda<\/p>\n\n\n\n<p><strong>Ementa: \u201cISSQN- RECURSO VOLUNT\u00c1RO \u2013AUTO DE INFRA\u00c7\u00c3O \u2013SUBITEM 14.01 ANEXO II DO CTM- BENEF\u00cdCIOS FISCAL DE EQUIPARA\u00c7\u00c3O \u00c0 OPERA\u00c7\u00c3O DE EXPORTA\u00c7\u00c3O,\u2013 DEDU\u00c7\u00d5ES DE PE\u00c7AS NA NF SOBRE INCID\u00caNCIA DO ISS &#8211; \u2013 CONSULTA TRIBUTARIA &#8211; MULTA DE CARATER CONFISCAT\u00d3RIO &#8211; RECURSO VOLUNT\u00c1RIO CONHECIDO E N\u00c3O PROVIDO\u201d.<\/strong><\/p>\n\n\n\n<p>Inteiro teor: <a href=\"https:\/\/www.fazenda.niteroi.rj.gov.br\/site\/wp-content\/uploads\/2024\/02\/PA-04404.21-FLS.-284-A-308.pdf\">Ac\u00f3rd\u00e3o 2964\/2022<\/a><\/p>\n","protected":false},"excerpt":{"rendered":"<p>ISSQN- RECURSO VOLUNT\u00c1RO \u2013AUTO DE INFRA\u00c7\u00c3O \u2013SUBITEM 14.01 ANEXO II DO CTM- BEN\u00c9FICIOS FISCAL DE EQUIPARA\u00c7\u00c3O \u00c0 OPERA\u00c7\u00c3O DE EXPORTA\u00c7\u00c3O,\u2013 DEDU\u00c7\u00d5ES DE PE\u00c7AS NA NF SOBRE INCID\u00caNCIA DO ISS &#8211; \u2013 CONSULTA TRIBUTARIA &#8211; MULTA DE CARATER CONFISCAT\u00d3RIO &#8211; RECURSO VOLUNT\u00c1RIO CONHECIDO E N\u00c3O PROVIDO\u201d.<\/p>\n","protected":false},"author":4,"featured_media":0,"comment_status":"closed","ping_status":"closed","sticky":false,"template":"","format":"standard","meta":{"_et_pb_use_builder":"","_et_pb_old_content":"","_et_gb_content_width":"","_usar_header_alternativo":false,"footnotes":""},"categories":[131,126],"tags":[],"class_list":["post-25181","post","type-post","status-publish","format-standard","hentry","category-acordaos","category-ccn","et-doesnt-have-format-content","et_post_format-et-post-format-standard"],"_links":{"self":[{"href":"https:\/\/www.fazenda.niteroi.rj.gov.br\/site\/wp-json\/wp\/v2\/posts\/25181","targetHints":{"allow":["GET"]}}],"collection":[{"href":"https:\/\/www.fazenda.niteroi.rj.gov.br\/site\/wp-json\/wp\/v2\/posts"}],"about":[{"href":"https:\/\/www.fazenda.niteroi.rj.gov.br\/site\/wp-json\/wp\/v2\/types\/post"}],"author":[{"embeddable":true,"href":"https:\/\/www.fazenda.niteroi.rj.gov.br\/site\/wp-json\/wp\/v2\/users\/4"}],"replies":[{"embeddable":true,"href":"https:\/\/www.fazenda.niteroi.rj.gov.br\/site\/wp-json\/wp\/v2\/comments?post=25181"}],"version-history":[{"count":2,"href":"https:\/\/www.fazenda.niteroi.rj.gov.br\/site\/wp-json\/wp\/v2\/posts\/25181\/revisions"}],"predecessor-version":[{"id":27908,"href":"https:\/\/www.fazenda.niteroi.rj.gov.br\/site\/wp-json\/wp\/v2\/posts\/25181\/revisions\/27908"}],"wp:attachment":[{"href":"https:\/\/www.fazenda.niteroi.rj.gov.br\/site\/wp-json\/wp\/v2\/media?parent=25181"}],"wp:term":[{"taxonomy":"category","embeddable":true,"href":"https:\/\/www.fazenda.niteroi.rj.gov.br\/site\/wp-json\/wp\/v2\/categories?post=25181"},{"taxonomy":"post_tag","embeddable":true,"href":"https:\/\/www.fazenda.niteroi.rj.gov.br\/site\/wp-json\/wp\/v2\/tags?post=25181"}],"curies":[{"name":"wp","href":"https:\/\/api.w.org\/{rel}","templated":true}]}}