{"id":25269,"date":"2024-02-26T14:46:09","date_gmt":"2024-02-26T17:46:09","guid":{"rendered":"https:\/\/www.fazenda.niteroi.rj.gov.br\/site\/?p=25269"},"modified":"2024-06-17T15:28:11","modified_gmt":"2024-06-17T18:28:11","slug":"acordao-2991-2022","status":"publish","type":"post","link":"https:\/\/www.fazenda.niteroi.rj.gov.br\/site\/acordao-2991-2022\/","title":{"rendered":"Ac\u00f3rd\u00e3o 2991\/2022"},"content":{"rendered":"\n<ul class=\"wp-block-list\">\n<li>1348\u00aa Sess\u00e3o Ordin\u00e1ria, de 22\/06\/2022<\/li>\n<\/ul>\n\n\n\n<p>Processo: 030\/013704\/2021 (Espelho do Processo 030\/024185\/2016)<\/p>\n\n\n\n<p>Recorrente: Sal\u00e3o de Cabeleireiros Ed Wal Eireli<\/p>\n\n\n\n<p><strong>Ementa: \u201cEMISS\u00c3O DE NOTAS FISCAIS. Lei n\u00ba 2597\/08 \u2013 O descumprimento das obriga\u00e7\u00f5es acess\u00f3rias previstas na Legisla\u00e7\u00e3o do imposto sujeita o contribuinte ao pagamento das multas pertinentes. Recurso Volunt\u00e1rio que se nega provimento\u201d<\/strong>.<\/p>\n\n\n\n<p>Inteiro teor: <a href=\"https:\/\/www.fazenda.niteroi.rj.gov.br\/site\/wp-content\/uploads\/2024\/02\/PA-013704.21-FLS.-58-A-77.pdf\">Ac\u00f3rd\u00e3o 2991\/2022<\/a><\/p>\n","protected":false},"excerpt":{"rendered":"<p> \u201cEMISS\u00c3O DE NOTAS FISCAIS. Lei n\u00ba 2597\/08 \u2013 O descumprimento das obriga\u00e7\u00f5es acess\u00f3rias previstas na Legisla\u00e7\u00e3o do imposto sujeita o contribuinte ao pagamento das multas pertinentes. Recurso Volunt\u00e1rio que se nega provimento\u201d.<\/p>\n","protected":false},"author":4,"featured_media":0,"comment_status":"closed","ping_status":"closed","sticky":false,"template":"","format":"standard","meta":{"_et_pb_use_builder":"","_et_pb_old_content":"","_et_gb_content_width":"","_usar_header_alternativo":false,"footnotes":""},"categories":[131,126],"tags":[],"class_list":["post-25269","post","type-post","status-publish","format-standard","hentry","category-acordaos","category-ccn","et-doesnt-have-format-content","et_post_format-et-post-format-standard"],"_links":{"self":[{"href":"https:\/\/www.fazenda.niteroi.rj.gov.br\/site\/wp-json\/wp\/v2\/posts\/25269","targetHints":{"allow":["GET"]}}],"collection":[{"href":"https:\/\/www.fazenda.niteroi.rj.gov.br\/site\/wp-json\/wp\/v2\/posts"}],"about":[{"href":"https:\/\/www.fazenda.niteroi.rj.gov.br\/site\/wp-json\/wp\/v2\/types\/post"}],"author":[{"embeddable":true,"href":"https:\/\/www.fazenda.niteroi.rj.gov.br\/site\/wp-json\/wp\/v2\/users\/4"}],"replies":[{"embeddable":true,"href":"https:\/\/www.fazenda.niteroi.rj.gov.br\/site\/wp-json\/wp\/v2\/comments?post=25269"}],"version-history":[{"count":2,"href":"https:\/\/www.fazenda.niteroi.rj.gov.br\/site\/wp-json\/wp\/v2\/posts\/25269\/revisions"}],"predecessor-version":[{"id":27996,"href":"https:\/\/www.fazenda.niteroi.rj.gov.br\/site\/wp-json\/wp\/v2\/posts\/25269\/revisions\/27996"}],"wp:attachment":[{"href":"https:\/\/www.fazenda.niteroi.rj.gov.br\/site\/wp-json\/wp\/v2\/media?parent=25269"}],"wp:term":[{"taxonomy":"category","embeddable":true,"href":"https:\/\/www.fazenda.niteroi.rj.gov.br\/site\/wp-json\/wp\/v2\/categories?post=25269"},{"taxonomy":"post_tag","embeddable":true,"href":"https:\/\/www.fazenda.niteroi.rj.gov.br\/site\/wp-json\/wp\/v2\/tags?post=25269"}],"curies":[{"name":"wp","href":"https:\/\/api.w.org\/{rel}","templated":true}]}}