{"id":25286,"date":"2024-02-26T15:08:11","date_gmt":"2024-02-26T18:08:11","guid":{"rendered":"https:\/\/www.fazenda.niteroi.rj.gov.br\/site\/?p=25286"},"modified":"2024-06-18T15:56:22","modified_gmt":"2024-06-18T18:56:22","slug":"acordao-2996-2022","status":"publish","type":"post","link":"https:\/\/www.fazenda.niteroi.rj.gov.br\/site\/acordao-2996-2022\/","title":{"rendered":"Ac\u00f3rd\u00e3o 2996\/2022"},"content":{"rendered":"\n<ul class=\"wp-block-list\">\n<li>1352\u00aa Sess\u00e3o Ordin\u00e1ria, de 06\/07\/2022<\/li>\n<\/ul>\n\n\n\n<p>Processo: 030\/011324\/2021 (Espelho do Processo 030\/026329\/2017)<\/p>\n\n\n\n<p>Recorrente: Exata Gerenciamento e terceirizados Eireli<\/p>\n\n\n\n<p><strong>Ementa: \u201cMULTA FISCAL &#8211; INEXIST\u00caNCIA DO RUDFTO &#8211; AUTO DE INFRA\u00c7\u00c3O N\u00ba 53288 &#8211; LEI NOVA Lei n\u00ba 3.461\/19, MODIFICOU A LEI N\u00ba 2597\/2008 &#8211; INEXIST\u00caNCIA DE PREVIS\u00c3O LEGAL &#8211; PREVAL\u00caNCIA DO ART. 106, II CTN &#8211; RECURSO VOLUNT\u00c1RIO CONHECIDO E PROVIDO\u201d.<\/strong><\/p>\n\n\n\n<p>Inteiro teor: <a href=\"https:\/\/www.fazenda.niteroi.rj.gov.br\/site\/wp-content\/uploads\/2024\/02\/PA-011324.21-FLS.-34-A-54.pdf\">Ac\u00f3rd\u00e3o 2996\/2022<\/a><\/p>\n","protected":false},"excerpt":{"rendered":"<p>https:\/\/www.fazenda.niteroi.rj.gov.br\/site\/wp-content\/uploads\/2024\/02\/PA-011324.21-FLS.-34-A-54.pdf<\/p>\n","protected":false},"author":4,"featured_media":0,"comment_status":"closed","ping_status":"closed","sticky":false,"template":"","format":"standard","meta":{"_et_pb_use_builder":"","_et_pb_old_content":"","_et_gb_content_width":"","_usar_header_alternativo":false,"footnotes":""},"categories":[131,126],"tags":[],"class_list":["post-25286","post","type-post","status-publish","format-standard","hentry","category-acordaos","category-ccn","et-doesnt-have-format-content","et_post_format-et-post-format-standard"],"_links":{"self":[{"href":"https:\/\/www.fazenda.niteroi.rj.gov.br\/site\/wp-json\/wp\/v2\/posts\/25286","targetHints":{"allow":["GET"]}}],"collection":[{"href":"https:\/\/www.fazenda.niteroi.rj.gov.br\/site\/wp-json\/wp\/v2\/posts"}],"about":[{"href":"https:\/\/www.fazenda.niteroi.rj.gov.br\/site\/wp-json\/wp\/v2\/types\/post"}],"author":[{"embeddable":true,"href":"https:\/\/www.fazenda.niteroi.rj.gov.br\/site\/wp-json\/wp\/v2\/users\/4"}],"replies":[{"embeddable":true,"href":"https:\/\/www.fazenda.niteroi.rj.gov.br\/site\/wp-json\/wp\/v2\/comments?post=25286"}],"version-history":[{"count":2,"href":"https:\/\/www.fazenda.niteroi.rj.gov.br\/site\/wp-json\/wp\/v2\/posts\/25286\/revisions"}],"predecessor-version":[{"id":28013,"href":"https:\/\/www.fazenda.niteroi.rj.gov.br\/site\/wp-json\/wp\/v2\/posts\/25286\/revisions\/28013"}],"wp:attachment":[{"href":"https:\/\/www.fazenda.niteroi.rj.gov.br\/site\/wp-json\/wp\/v2\/media?parent=25286"}],"wp:term":[{"taxonomy":"category","embeddable":true,"href":"https:\/\/www.fazenda.niteroi.rj.gov.br\/site\/wp-json\/wp\/v2\/categories?post=25286"},{"taxonomy":"post_tag","embeddable":true,"href":"https:\/\/www.fazenda.niteroi.rj.gov.br\/site\/wp-json\/wp\/v2\/tags?post=25286"}],"curies":[{"name":"wp","href":"https:\/\/api.w.org\/{rel}","templated":true}]}}