{"id":25430,"date":"2024-02-27T11:17:20","date_gmt":"2024-02-27T14:17:20","guid":{"rendered":"https:\/\/www.fazenda.niteroi.rj.gov.br\/site\/?p=25430"},"modified":"2024-07-13T21:36:34","modified_gmt":"2024-07-14T00:36:34","slug":"acordao-3037-2022","status":"publish","type":"post","link":"https:\/\/www.fazenda.niteroi.rj.gov.br\/site\/acordao-3037-2022\/","title":{"rendered":"Ac\u00f3rd\u00e3o 3037\/2022"},"content":{"rendered":"\n<ul class=\"wp-block-list\">\n<li>1374\u00aa Sess\u00e3o Ordin\u00e1ria, de 19\/10\/2022<\/li>\n<\/ul>\n\n\n\n<p>Processo: 030\/017762\/2021 (Espelho do Processo 030\/027625\/2017)<\/p>\n\n\n\n<p>Recorrente: J.P. Projetos, Arquitetura, Planejamento e Gerenciamento Ltda<\/p>\n\n\n\n<p><strong>Ementa: \u201cISS \u2013 Recurso volunt\u00e1rio \u2013 Obriga\u00e7\u00e3o principal \u2013 Presta\u00e7\u00e3o dos servi\u00e7os descritos no subitem 7.01 do Anexo III do CTM \u2013 Aspecto espacial da obriga\u00e7\u00e3o tribut\u00e1ria \u2013 Art. 3\u00ba da LC n\u00ba 116\/03 \u2013 Aus\u00eancia de configura\u00e7\u00e3o de um estabelecimento prestador na sede do tomador \u2013 Mero deslocamento da m\u00e3o-de-obra \u2013 Imposto devido no local do estabelecimento prestador \u2013 Recurso conhecido e desprovido\u201d.<\/strong><\/p>\n\n\n\n<p>Inteiro teor: <a href=\"https:\/\/www.fazenda.niteroi.rj.gov.br\/site\/wp-content\/uploads\/2024\/02\/PA-17762.21-FLS.-214-A-240.pdf\">Ac\u00f3rd\u00e3o 3037\/2022<\/a><\/p>\n","protected":false},"excerpt":{"rendered":"<p>ISS \u2013 Recurso volunt\u00e1rio \u2013 Obriga\u00e7\u00e3o principal \u2013 Presta\u00e7\u00e3o dos servi\u00e7os descritos no subitem 7.01 do Anexo III do CTM \u2013 Aspecto espacial da obriga\u00e7\u00e3o tribut\u00e1ria \u2013 Art. 3\u00ba da LC n\u00ba 116\/03 \u2013 Aus\u00eancia de configura\u00e7\u00e3o de um estabelecimento prestador na sede do tomador \u2013 Mero deslocamento da m\u00e3o-de-obra \u2013 Imposto devido no local do estabelecimento prestador \u2013 Recurso conhecido e desprovido\u201d.<\/p>\n","protected":false},"author":4,"featured_media":0,"comment_status":"closed","ping_status":"closed","sticky":false,"template":"","format":"standard","meta":{"_et_pb_use_builder":"","_et_pb_old_content":"","_et_gb_content_width":"","_usar_header_alternativo":false,"footnotes":""},"categories":[131,126],"tags":[],"class_list":["post-25430","post","type-post","status-publish","format-standard","hentry","category-acordaos","category-ccn","et-doesnt-have-format-content","et_post_format-et-post-format-standard"],"_links":{"self":[{"href":"https:\/\/www.fazenda.niteroi.rj.gov.br\/site\/wp-json\/wp\/v2\/posts\/25430","targetHints":{"allow":["GET"]}}],"collection":[{"href":"https:\/\/www.fazenda.niteroi.rj.gov.br\/site\/wp-json\/wp\/v2\/posts"}],"about":[{"href":"https:\/\/www.fazenda.niteroi.rj.gov.br\/site\/wp-json\/wp\/v2\/types\/post"}],"author":[{"embeddable":true,"href":"https:\/\/www.fazenda.niteroi.rj.gov.br\/site\/wp-json\/wp\/v2\/users\/4"}],"replies":[{"embeddable":true,"href":"https:\/\/www.fazenda.niteroi.rj.gov.br\/site\/wp-json\/wp\/v2\/comments?post=25430"}],"version-history":[{"count":2,"href":"https:\/\/www.fazenda.niteroi.rj.gov.br\/site\/wp-json\/wp\/v2\/posts\/25430\/revisions"}],"predecessor-version":[{"id":28260,"href":"https:\/\/www.fazenda.niteroi.rj.gov.br\/site\/wp-json\/wp\/v2\/posts\/25430\/revisions\/28260"}],"wp:attachment":[{"href":"https:\/\/www.fazenda.niteroi.rj.gov.br\/site\/wp-json\/wp\/v2\/media?parent=25430"}],"wp:term":[{"taxonomy":"category","embeddable":true,"href":"https:\/\/www.fazenda.niteroi.rj.gov.br\/site\/wp-json\/wp\/v2\/categories?post=25430"},{"taxonomy":"post_tag","embeddable":true,"href":"https:\/\/www.fazenda.niteroi.rj.gov.br\/site\/wp-json\/wp\/v2\/tags?post=25430"}],"curies":[{"name":"wp","href":"https:\/\/api.w.org\/{rel}","templated":true}]}}